{"id":70115,"date":"2025-11-25T17:34:53","date_gmt":"2025-11-25T14:34:53","guid":{"rendered":"https:\/\/www.egemtv.com\/?p=70115"},"modified":"2025-11-25T17:34:54","modified_gmt":"2025-11-25T14:34:54","slug":"aydinda-49-sahis-tutuklandi","status":"publish","type":"post","link":"https:\/\/www.egemtv.com\/?p=70115","title":{"rendered":"Ayd\u0131n\u2019da 49 \u015fah\u0131s tutukland\u0131"},"content":{"rendered":"<p>Ayd\u0131n \u0130l Emniyet M\u00fcd\u00fcrl\u00fc\u011f\u00fc, 17-23 Kas\u0131m 2025 tarihleri aras\u0131nda y\u00fcr\u00fctt\u00fc\u011f\u00fc \u00e7al\u0131\u015fmalarla su\u00e7lulara ge\u00e7it vermezken, bir\u00e7ok su\u00e7u da ayd\u0131nlatt\u0131. \u00c7al\u0131\u015fmalar kapsam\u0131nda aranmas\u0131 olan 119 \u015fah\u0131s yakaland\u0131, 49 \u015fah\u0131s da tutukland\u0131.<\/p>\n<p>Ayd\u0131n \u0130l Emniyet M\u00fcd\u00fcrl\u00fc\u011f\u00fc kent genelinde vatanda\u015flar\u0131n huzur ve g\u00fcvenli\u011finin sa\u011flanmas\u0131 i\u00e7in \u00e7al\u0131\u015fmalar\u0131n\u0131 aral\u0131ks\u0131z s\u00fcrd\u00fcr\u00fcyor. Edinilen bilgiye g\u00f6re, faili me\u00e7hul 25 h\u0131rs\u0131zl\u0131k olay\u0131 \u00e7\u00f6z\u00fcld\u00fc. Toplam bin 36 gram uyu\u015fturucu madde ve 152 adet uyu\u015fturucu hap ele ge\u00e7irildi. Operasyonlarda ayr\u0131ca 6 tabanca, 1 pompal\u0131 t\u00fcfek ve 50 fi\u015fek bulundu. Siber su\u00e7larla m\u00fccadele kapsam\u0131nda 48 ki\u015fiye adli i\u015flem uygulan\u0131rken, yasa d\u0131\u015f\u0131 i\u00e7erik bar\u0131nd\u0131ran 83 internet sitesine eri\u015fim engellendi. 43 bin 999 ki\u015fi sorguland\u0131, aranan 119 ki\u015fi yakalanarak 49\u2019u tutukland\u0131. Trafik denetimlerinde ise 21 bin 4 ara\u00e7 ve motosiklet kontrol edildi. 166 ara\u00e7 trafikten men edilirken, 5 bin 930 s\u00fcr\u00fcc\u00fcye ceza uyguland\u0131.<br \/><\/p>\n","protected":false},"excerpt":{"rendered":"<p>Ayd\u0131n \u0130l Emniyet M\u00fcd\u00fcrl\u00fc\u011f\u00fc, 17-23 Kas\u0131m 2025 tarihleri aras\u0131nda y\u00fcr\u00fctt\u00fc\u011f\u00fc \u00e7al\u0131\u015fmalarla su\u00e7lulara ge\u00e7it vermezken, bir\u00e7ok su\u00e7u da ayd\u0131nlatt\u0131. \u00c7al\u0131\u015fmalar kapsam\u0131nda aranmas\u0131 olan 119 \u015fah\u0131s yakaland\u0131, 49 \u015fah\u0131s da tutukland\u0131. Ayd\u0131n \u0130l Emniyet M\u00fcd\u00fcrl\u00fc\u011f\u00fc kent genelinde vatanda\u015flar\u0131n huzur ve g\u00fcvenli\u011finin sa\u011flanmas\u0131 i\u00e7in \u00e7al\u0131\u015fmalar\u0131n\u0131 aral\u0131ks\u0131z s\u00fcrd\u00fcr\u00fcyor. Edinilen bilgiye g\u00f6re, faili me\u00e7hul 25 h\u0131rs\u0131zl\u0131k olay\u0131 \u00e7\u00f6z\u00fcld\u00fc. Toplam bin&#8230;<\/p>\n","protected":false},"author":1,"featured_media":70116,"comment_status":"open","ping_status":"open","sticky":false,"template":"","format":"standard","meta":{"_crdt_document":"","footnotes":""},"categories":[5],"tags":[],"class_list":["post-70115","post","type-post","status-publish","format-standard","has-post-thumbnail","hentry","category-asayis"],"_links":{"self":[{"href":"https:\/\/www.egemtv.com\/index.php?rest_route=\/wp\/v2\/posts\/70115","targetHints":{"allow":["GET"]}}],"collection":[{"href":"https:\/\/www.egemtv.com\/index.php?rest_route=\/wp\/v2\/posts"}],"about":[{"href":"https:\/\/www.egemtv.com\/index.php?rest_route=\/wp\/v2\/types\/post"}],"author":[{"embeddable":true,"href":"https:\/\/www.egemtv.com\/index.php?rest_route=\/wp\/v2\/users\/1"}],"replies":[{"embeddable":true,"href":"https:\/\/www.egemtv.com\/index.php?rest_route=%2Fwp%2Fv2%2Fcomments&post=70115"}],"version-history":[{"count":1,"href":"https:\/\/www.egemtv.com\/index.php?rest_route=\/wp\/v2\/posts\/70115\/revisions"}],"predecessor-version":[{"id":70117,"href":"https:\/\/www.egemtv.com\/index.php?rest_route=\/wp\/v2\/posts\/70115\/revisions\/70117"}],"wp:featuredmedia":[{"embeddable":true,"href":"https:\/\/www.egemtv.com\/index.php?rest_route=\/wp\/v2\/media\/70116"}],"wp:attachment":[{"href":"https:\/\/www.egemtv.com\/index.php?rest_route=%2Fwp%2Fv2%2Fmedia&parent=70115"}],"wp:term":[{"taxonomy":"category","embeddable":true,"href":"https:\/\/www.egemtv.com\/index.php?rest_route=%2Fwp%2Fv2%2Fcategories&post=70115"},{"taxonomy":"post_tag","embeddable":true,"href":"https:\/\/www.egemtv.com\/index.php?rest_route=%2Fwp%2Fv2%2Ftags&post=70115"}],"curies":[{"name":"wp","href":"https:\/\/api.w.org\/{rel}","templated":true}]}}