{"id":70100,"date":"2025-11-25T15:54:58","date_gmt":"2025-11-25T12:54:58","guid":{"rendered":"https:\/\/www.egemtv.com\/?p=70100"},"modified":"2025-11-25T15:54:59","modified_gmt":"2025-11-25T12:54:59","slug":"demircide-kadina-yonelik-siddete-karsi-farkindalik-calismasi-yapildi","status":"publish","type":"post","link":"https:\/\/www.egemtv.com\/?p=70100","title":{"rendered":"Demirci\u2019de kad\u0131na y\u00f6nelik \u015fiddete kar\u015f\u0131 fark\u0131ndal\u0131k \u00e7al\u0131\u015fmas\u0131 yap\u0131ld\u0131"},"content":{"rendered":"<p>Manisa\u2019n\u0131n Demirci il\u00e7esinde 25 Kas\u0131m Kad\u0131n Y\u00f6nelik \u015eiddete Kar\u015f\u0131 Uluslararas\u0131 M\u00fccadele g\u00fcn\u00fc dolay\u0131s\u0131yla kurulan stantta vatanda\u015flara bilgilendirme bro\u015f\u00fcrleri da\u011f\u0131t\u0131ld\u0131.<br \/>\n<br \/>Demirci Sosyal Hizmet Merkezi M\u00fcd\u00fcrl\u00fc\u011f\u00fc taraf\u0131ndan Devlet Hastanesinde d\u00fczenlenen etkinlikte hastane giri\u015fine stant kurularak bilgilendirme bro\u015f\u00fcrleri da\u011f\u0131t\u0131ld\u0131.<br \/>\n<br \/>Demirci Kaymakam\u0131 Fatih Bayram, Belediye Ba\u015fkan Yard\u0131mc\u0131s\u0131 \u0130smail Hakk\u0131 G\u00fcl, \u0130l\u00e7e Jandarma Komutan\u0131 \u00dcste\u011fmen U\u011furcan \u015eahin ve \u0130l\u00e7e Emniyet M\u00fcd\u00fcr\u00fc Bar\u0131\u015f Kayar da etkinli\u011fe kat\u0131larak destek verdi.<br \/>\n<br \/>Etkinlikte Kad\u0131na Y\u00f6nelik \u015eiddete dikkat \u00e7ekilirken toplumsal fark\u0131ndal\u0131\u011f\u0131n artt\u0131r\u0131lmas\u0131 i\u00e7inde bilgilendirme yap\u0131ld\u0131.<br \/>\n<br \/>Kaymakam Fatih Bayram ve Belediye Ba\u015fkan Yard\u0131mc\u0131s\u0131 \u0130smail Hakk\u0131 G\u00fcl de hastanede tedavi g\u00f6ren kad\u0131n hastalar\u0131 ziyaret ederken \u00e7i\u00e7ek takdim etti.<br \/><\/p>\n","protected":false},"excerpt":{"rendered":"<p>Manisa\u2019n\u0131n Demirci il\u00e7esinde 25 Kas\u0131m Kad\u0131n Y\u00f6nelik \u015eiddete Kar\u015f\u0131 Uluslararas\u0131 M\u00fccadele g\u00fcn\u00fc dolay\u0131s\u0131yla kurulan stantta vatanda\u015flara bilgilendirme bro\u015f\u00fcrleri da\u011f\u0131t\u0131ld\u0131. Demirci Sosyal Hizmet Merkezi M\u00fcd\u00fcrl\u00fc\u011f\u00fc taraf\u0131ndan Devlet Hastanesinde d\u00fczenlenen etkinlikte hastane giri\u015fine stant kurularak bilgilendirme bro\u015f\u00fcrleri da\u011f\u0131t\u0131ld\u0131. Demirci Kaymakam\u0131 Fatih Bayram, Belediye Ba\u015fkan Yard\u0131mc\u0131s\u0131 \u0130smail Hakk\u0131 G\u00fcl, \u0130l\u00e7e Jandarma Komutan\u0131 \u00dcste\u011fmen U\u011furcan \u015eahin ve \u0130l\u00e7e Emniyet&#8230;<\/p>\n","protected":false},"author":1,"featured_media":70101,"comment_status":"open","ping_status":"open","sticky":false,"template":"","format":"standard","meta":{"_crdt_document":"","footnotes":""},"categories":[2],"tags":[],"class_list":["post-70100","post","type-post","status-publish","format-standard","has-post-thumbnail","hentry","category-saglik"],"_links":{"self":[{"href":"https:\/\/www.egemtv.com\/index.php?rest_route=\/wp\/v2\/posts\/70100","targetHints":{"allow":["GET"]}}],"collection":[{"href":"https:\/\/www.egemtv.com\/index.php?rest_route=\/wp\/v2\/posts"}],"about":[{"href":"https:\/\/www.egemtv.com\/index.php?rest_route=\/wp\/v2\/types\/post"}],"author":[{"embeddable":true,"href":"https:\/\/www.egemtv.com\/index.php?rest_route=\/wp\/v2\/users\/1"}],"replies":[{"embeddable":true,"href":"https:\/\/www.egemtv.com\/index.php?rest_route=%2Fwp%2Fv2%2Fcomments&post=70100"}],"version-history":[{"count":1,"href":"https:\/\/www.egemtv.com\/index.php?rest_route=\/wp\/v2\/posts\/70100\/revisions"}],"predecessor-version":[{"id":70102,"href":"https:\/\/www.egemtv.com\/index.php?rest_route=\/wp\/v2\/posts\/70100\/revisions\/70102"}],"wp:featuredmedia":[{"embeddable":true,"href":"https:\/\/www.egemtv.com\/index.php?rest_route=\/wp\/v2\/media\/70101"}],"wp:attachment":[{"href":"https:\/\/www.egemtv.com\/index.php?rest_route=%2Fwp%2Fv2%2Fmedia&parent=70100"}],"wp:term":[{"taxonomy":"category","embeddable":true,"href":"https:\/\/www.egemtv.com\/index.php?rest_route=%2Fwp%2Fv2%2Fcategories&post=70100"},{"taxonomy":"post_tag","embeddable":true,"href":"https:\/\/www.egemtv.com\/index.php?rest_route=%2Fwp%2Fv2%2Ftags&post=70100"}],"curies":[{"name":"wp","href":"https:\/\/api.w.org\/{rel}","templated":true}]}}