{"id":70097,"date":"2025-11-25T15:54:58","date_gmt":"2025-11-25T12:54:58","guid":{"rendered":"https:\/\/www.egemtv.com\/?p=70097"},"modified":"2025-11-25T15:54:58","modified_gmt":"2025-11-25T12:54:58","slug":"denizlide-125-yil-ile-aranan-8-aranan-sahis-operasyonlar-kapsaminda-yakalandi","status":"publish","type":"post","link":"https:\/\/www.egemtv.com\/?p=70097","title":{"rendered":"Denizli\u2019de 125 y\u0131l ile aranan 8 aranan \u015fah\u0131s operasyonlar kapsam\u0131nda yakaland\u0131"},"content":{"rendered":"<p>Denizli \u0130l Emniyet M\u00fcd\u00fcrl\u00fc\u011f\u00fc taraf\u0131ndan 11-23 Kas\u0131m 2025 tarihleri aras\u0131nda aranan \u015fah\u0131slar\u0131n yakalanmas\u0131na y\u00f6nelik yap\u0131lan operasyonlar kapsam\u0131nda 125 y\u0131l 1 ay 15 g\u00fcn ile aranan 8 \u015fah\u0131s yakalanarak cezaevine g\u00f6nderildi.<\/p>\n<p>Denizli \u0130l Emniyet M\u00fcd\u00fcrl\u00fc\u011f\u00fc aranan \u015fah\u0131slar hakk\u0131nda \u00e7al\u0131\u015fmalar\u0131n\u0131 aral\u0131ks\u0131z s\u00fcrd\u00fcr\u00fcyor. 11-23 Kas\u0131m 2025 tarihleri aras\u0131nda Denizli \u0130l Emniyet M\u00fcd\u00fcrl\u00fc\u011f\u00fc ekipleri taraf\u0131ndan aranan \u015fah\u0131slar\u0131n yakalanmas\u0131na y\u00f6nelik olarak yap\u0131lan \u00e7al\u0131\u015fmalar sonucunda toplamda 8 \u015fah\u0131s yakaland\u0131.<\/p>\n<p>Asayi\u015f \u015eube M\u00fcd\u00fcrl\u00fc\u011f\u00fc Aranan \u015eah\u0131slar B\u00fcro Amirli\u011fi ekiplerinin \u00e7al\u0131\u015fmalar kapsam\u0131nda; &#8220;Kasten \u00d6ld\u00fcrme&#8221; su\u00e7undan 25 y\u0131l 4 ay 15 g\u00fcn kesinle\u015fmi\u015f hapis cezas\u0131 bulunan 1 \u015fah\u0131s, &#8220;Kasten Yaralama ve Uyu\u015fturucu Kullanmak&#8221; su\u00e7lar\u0131ndan 13 y\u0131l kesinle\u015fmi\u015f hapis cezas\u0131 bulunan 1 \u015fah\u0131s, &#8220;Ki\u015fiyi H\u00fcrriyetinden Yoksun K\u0131lma&#8221; su\u00e7undan 10 y\u0131l 7 ay kesinle\u015fmi\u015f hapis cezas\u0131 bulunan 1 \u015fah\u0131s yakaland\u0131.<\/p>\n<p>Asayi\u015f \u015eube M\u00fcd\u00fcrl\u00fc\u011f\u00fc Motosikletli Polis Timleri B\u00fcro Amirli\u011fi ekiplerinin \u00e7al\u0131\u015fmalar\u0131 kapsam\u0131nda; &#8220;Doland\u0131r\u0131c\u0131l\u0131k, H\u0131rs\u0131zl\u0131k ve \u015eantaj&#8221; olmak \u00fczere toplam 22 dosya kapsam\u0131nda 18 y\u0131l 8 ay kesinle\u015fmi\u015f hapis cezas\u0131 bulunan 1 \u015fah\u0131s yakaland\u0131.<\/p>\n<p>Pamukkale \u0130l\u00e7e Emniyet M\u00fcd\u00fcrl\u00fc\u011f\u00fc ekipleri taraf\u0131ndan ise, &#8220;Doland\u0131r\u0131c\u0131l\u0131k ve Uyu\u015fturucu veya Uyar\u0131c\u0131 Madde Kullanmak&#8221; su\u00e7lar\u0131ndan 19 y\u0131l 11 ay kesinle\u015fmi\u015f hapis cezas\u0131 bulunan 1 \u015fah\u0131s ve &#8220;Doland\u0131r\u0131c\u0131l\u0131k&#8221; su\u00e7undan 12 y\u0131l 2 ay kesinle\u015fmi\u015f hapis cezas\u0131 bulunan 1 \u015fah\u0131s yakaland\u0131.<\/p>\n<p>Narkotik Su\u00e7larla M\u00fccadele \u015eube M\u00fcd\u00fcrl\u00fc\u011f\u00fc ekipleri taraf\u0131ndan, &#8220;Uyu\u015fturucu veya Uyar\u0131c\u0131 Madde Kullanmak Ticareti Yapmak ve 2313 Say\u0131l\u0131 Kanuna Muhalefet&#8221; su\u00e7lar\u0131ndan 12 y\u0131l 8 ay 15 g\u00fcn hapis cezas\u0131 ile aranmas\u0131 bulunan 2 \u015fah\u0131s yakaland\u0131.<\/p>\n<p>Denizli \u0130l Emniyet M\u00fcd\u00fcrl\u00fc\u011f\u00fc taraf\u0131ndan 11-23 Kas\u0131m 2025 tarihleri aras\u0131nda aranan \u015fah\u0131slara kar\u015f\u0131 yap\u0131lan operasyonlarda 8 \u015fah\u0131s yakalanarak cezaevine teslim edildi.<br \/><\/p>\n","protected":false},"excerpt":{"rendered":"<p>Denizli \u0130l Emniyet M\u00fcd\u00fcrl\u00fc\u011f\u00fc taraf\u0131ndan 11-23 Kas\u0131m 2025 tarihleri aras\u0131nda aranan \u015fah\u0131slar\u0131n yakalanmas\u0131na y\u00f6nelik yap\u0131lan operasyonlar kapsam\u0131nda 125 y\u0131l 1 ay 15 g\u00fcn ile aranan 8 \u015fah\u0131s yakalanarak cezaevine g\u00f6nderildi. Denizli \u0130l Emniyet M\u00fcd\u00fcrl\u00fc\u011f\u00fc aranan \u015fah\u0131slar hakk\u0131nda \u00e7al\u0131\u015fmalar\u0131n\u0131 aral\u0131ks\u0131z s\u00fcrd\u00fcr\u00fcyor. 11-23 Kas\u0131m 2025 tarihleri aras\u0131nda Denizli \u0130l Emniyet M\u00fcd\u00fcrl\u00fc\u011f\u00fc ekipleri taraf\u0131ndan aranan \u015fah\u0131slar\u0131n yakalanmas\u0131na y\u00f6nelik&#8230;<\/p>\n","protected":false},"author":1,"featured_media":70098,"comment_status":"open","ping_status":"open","sticky":false,"template":"","format":"standard","meta":{"_crdt_document":"","footnotes":""},"categories":[5],"tags":[],"class_list":["post-70097","post","type-post","status-publish","format-standard","has-post-thumbnail","hentry","category-asayis"],"_links":{"self":[{"href":"https:\/\/www.egemtv.com\/index.php?rest_route=\/wp\/v2\/posts\/70097","targetHints":{"allow":["GET"]}}],"collection":[{"href":"https:\/\/www.egemtv.com\/index.php?rest_route=\/wp\/v2\/posts"}],"about":[{"href":"https:\/\/www.egemtv.com\/index.php?rest_route=\/wp\/v2\/types\/post"}],"author":[{"embeddable":true,"href":"https:\/\/www.egemtv.com\/index.php?rest_route=\/wp\/v2\/users\/1"}],"replies":[{"embeddable":true,"href":"https:\/\/www.egemtv.com\/index.php?rest_route=%2Fwp%2Fv2%2Fcomments&post=70097"}],"version-history":[{"count":1,"href":"https:\/\/www.egemtv.com\/index.php?rest_route=\/wp\/v2\/posts\/70097\/revisions"}],"predecessor-version":[{"id":70099,"href":"https:\/\/www.egemtv.com\/index.php?rest_route=\/wp\/v2\/posts\/70097\/revisions\/70099"}],"wp:featuredmedia":[{"embeddable":true,"href":"https:\/\/www.egemtv.com\/index.php?rest_route=\/wp\/v2\/media\/70098"}],"wp:attachment":[{"href":"https:\/\/www.egemtv.com\/index.php?rest_route=%2Fwp%2Fv2%2Fmedia&parent=70097"}],"wp:term":[{"taxonomy":"category","embeddable":true,"href":"https:\/\/www.egemtv.com\/index.php?rest_route=%2Fwp%2Fv2%2Fcategories&post=70097"},{"taxonomy":"post_tag","embeddable":true,"href":"https:\/\/www.egemtv.com\/index.php?rest_route=%2Fwp%2Fv2%2Ftags&post=70097"}],"curies":[{"name":"wp","href":"https:\/\/api.w.org\/{rel}","templated":true}]}}