{"id":70094,"date":"2025-11-25T15:54:57","date_gmt":"2025-11-25T12:54:57","guid":{"rendered":"https:\/\/www.egemtv.com\/?p=70094"},"modified":"2025-11-25T15:54:58","modified_gmt":"2025-11-25T12:54:58","slug":"denizli-osb-aritma-tesisinde-kimyasal-egitimi-ve-tatbikat-gerceklestirildi","status":"publish","type":"post","link":"https:\/\/www.egemtv.com\/?p=70094","title":{"rendered":"Denizli OSB Ar\u0131tma Tesisinde kimyasal e\u011fitimi ve tatbikat ger\u00e7ekle\u015ftirildi"},"content":{"rendered":"<p>Denizli Organize Sanayi B\u00f6lgesi Ar\u0131tma Tesisi\u2019nde personele y\u00f6nelik &#8220;Kimyasal Kazalar ve M\u00fcdahale Y\u00f6ntemleri&#8221; e\u011fitimi d\u00fczenlendi. E\u011fitim kapsam\u0131nda, kapsaml\u0131 bilgilendirmeler yap\u0131ld\u0131.<\/p>\n<p>Denizli Organize Sanayi B\u00f6lgesi Ar\u0131tma Tesisi\u2019nde personele y\u00f6nelik &#8220;Kimyasal Kazalar ve M\u00fcdahale Y\u00f6ntemleri&#8221; e\u011fitimi d\u00fczenlendi. Mevcut durumun de\u011ferlendirilmesi ve iyile\u015ftirilmesine katk\u0131 sa\u011flamak amac\u0131yla ger\u00e7ekle\u015ftirilen e\u011fitimi \u0130SG Uzman\u0131 Ka\u011fan Bilgi\u00e7 verdi. E\u011fitim kapsam\u0131nda acil durum haz\u0131rl\u0131\u011f\u0131, g\u00f6z du\u015fu kullan\u0131m\u0131, g\u00fcvenli \u00e7al\u0131\u015fma prosed\u00fcrleri, ki\u015fisel koruyucu donan\u0131mlar\u0131n do\u011fru kullan\u0131m\u0131, tehlikeli maddelerle \u00e7al\u0131\u015fma bilinci, malzeme g\u00fcvenlik bilgi formlar\u0131n\u0131n (MSDS\/SDS) incelenmesi ve kimyasal risk y\u00f6netimi konular\u0131nda kapsaml\u0131 bilgilendirmeler yap\u0131ld\u0131. Ayr\u0131ca personelin muhtemel kimyasal kazalara etkin ve h\u0131zl\u0131 bir \u015fekilde m\u00fcdahale edebilmesini sa\u011flamak amac\u0131yla e\u011fitim ve tatbikat faaliyetleri ele al\u0131nd\u0131.<\/p>\n<p>Program\u0131n sonunda, teorik bilgilerin peki\u015ftirilmesi amac\u0131yla kimyasal kaza tatbikat\u0131 ba\u015far\u0131yla ger\u00e7ekle\u015ftirildi. E\u011fitim faaliyetinin, tesis genelinde i\u015f sa\u011fl\u0131\u011f\u0131 ve g\u00fcvenli\u011fi k\u00fclt\u00fcr\u00fcn\u00fcn g\u00fc\u00e7lendirilmesine \u00f6nemli katk\u0131 sa\u011flamas\u0131 hedefleniyor.<br \/><\/p>\n","protected":false},"excerpt":{"rendered":"<p>Denizli Organize Sanayi B\u00f6lgesi Ar\u0131tma Tesisi\u2019nde personele y\u00f6nelik &#8220;Kimyasal Kazalar ve M\u00fcdahale Y\u00f6ntemleri&#8221; e\u011fitimi d\u00fczenlendi. E\u011fitim kapsam\u0131nda, kapsaml\u0131 bilgilendirmeler yap\u0131ld\u0131. Denizli Organize Sanayi B\u00f6lgesi Ar\u0131tma Tesisi\u2019nde personele y\u00f6nelik &#8220;Kimyasal Kazalar ve M\u00fcdahale Y\u00f6ntemleri&#8221; e\u011fitimi d\u00fczenlendi. Mevcut durumun de\u011ferlendirilmesi ve iyile\u015ftirilmesine katk\u0131 sa\u011flamak amac\u0131yla ger\u00e7ekle\u015ftirilen e\u011fitimi \u0130SG Uzman\u0131 Ka\u011fan Bilgi\u00e7 verdi. E\u011fitim kapsam\u0131nda acil durum haz\u0131rl\u0131\u011f\u0131,&#8230;<\/p>\n","protected":false},"author":1,"featured_media":70095,"comment_status":"open","ping_status":"open","sticky":false,"template":"","format":"standard","meta":{"_crdt_document":"","footnotes":""},"categories":[123],"tags":[],"class_list":["post-70094","post","type-post","status-publish","format-standard","has-post-thumbnail","hentry","category-gundem"],"_links":{"self":[{"href":"https:\/\/www.egemtv.com\/index.php?rest_route=\/wp\/v2\/posts\/70094","targetHints":{"allow":["GET"]}}],"collection":[{"href":"https:\/\/www.egemtv.com\/index.php?rest_route=\/wp\/v2\/posts"}],"about":[{"href":"https:\/\/www.egemtv.com\/index.php?rest_route=\/wp\/v2\/types\/post"}],"author":[{"embeddable":true,"href":"https:\/\/www.egemtv.com\/index.php?rest_route=\/wp\/v2\/users\/1"}],"replies":[{"embeddable":true,"href":"https:\/\/www.egemtv.com\/index.php?rest_route=%2Fwp%2Fv2%2Fcomments&post=70094"}],"version-history":[{"count":1,"href":"https:\/\/www.egemtv.com\/index.php?rest_route=\/wp\/v2\/posts\/70094\/revisions"}],"predecessor-version":[{"id":70096,"href":"https:\/\/www.egemtv.com\/index.php?rest_route=\/wp\/v2\/posts\/70094\/revisions\/70096"}],"wp:featuredmedia":[{"embeddable":true,"href":"https:\/\/www.egemtv.com\/index.php?rest_route=\/wp\/v2\/media\/70095"}],"wp:attachment":[{"href":"https:\/\/www.egemtv.com\/index.php?rest_route=%2Fwp%2Fv2%2Fmedia&parent=70094"}],"wp:term":[{"taxonomy":"category","embeddable":true,"href":"https:\/\/www.egemtv.com\/index.php?rest_route=%2Fwp%2Fv2%2Fcategories&post=70094"},{"taxonomy":"post_tag","embeddable":true,"href":"https:\/\/www.egemtv.com\/index.php?rest_route=%2Fwp%2Fv2%2Ftags&post=70094"}],"curies":[{"name":"wp","href":"https:\/\/api.w.org\/{rel}","templated":true}]}}