{"id":70091,"date":"2025-11-25T15:54:56","date_gmt":"2025-11-25T12:54:56","guid":{"rendered":"https:\/\/www.egemtv.com\/?p=70091"},"modified":"2025-11-25T15:54:57","modified_gmt":"2025-11-25T12:54:57","slug":"bergama-kizilaydan-gazze-icin-anlamli-proje","status":"publish","type":"post","link":"https:\/\/www.egemtv.com\/?p=70091","title":{"rendered":"Bergama K\u0131z\u0131lay\u2019dan Gazze i\u00e7in anlaml\u0131 proje"},"content":{"rendered":"<p>Bergama K\u0131z\u0131lay \u015eubesi, Bergama, Dikili ve K\u0131n\u0131k il\u00e7e Milli E\u011fitim M\u00fcd\u00fcrl\u00fckleri i\u015f birli\u011fiyle Gazze\u2019de ya\u015fanan insani dram nedeniyle \u00f6rnek bir sosyal sorumluluk projesi ba\u015flatt\u0131. \u00dc\u00e7 il\u00e7ede e\u015f zamanl\u0131 uygulanacak \u2018Bir G\u00fcnl\u00fck Har\u00e7l\u0131\u011f\u0131m Gazze\u2019ye Umut Olsun\u2019 projesi, \u00f6\u011frencilerde yard\u0131mla\u015fma, empati ve payla\u015fma bilincini g\u00fc\u00e7lendirmeyi hedefliyor.<br \/>\n<br \/>Projeye Bergama K\u0131z\u0131lay \u015eube Ba\u015fkan\u0131 Mehmet Ayd\u0131n, Bergama \u0130l\u00e7e Milli E\u011fitim M\u00fcd\u00fcr\u00fc Ekrem Ulus, Dikili \u0130l\u00e7e Milli E\u011fitim M\u00fcd\u00fcr\u00fc Nuri Kiraz ve K\u0131n\u0131k \u0130l\u00e7e Milli E\u011fitim M\u00fcd\u00fcr\u00fc \u00d6mer Derelio\u011flu payda\u015f olarak destek verdi.<br \/>\n<br \/>Bergama K\u0131z\u0131lay \u015eube Ba\u015fkan\u0131 Mehmet Ayd\u0131n, projenin detaylar\u0131n\u0131 payla\u015farak \u015fu a\u00e7\u0131klamada bulundu: &#8220;Gazze\u2019de ya\u015fanan insani kriz nedeniyle zor durumda kalan \u00e7ocuklara ve ailelere destek olmak, \u00f6\u011frencilerimizin yard\u0131mla\u015fma, empati ve payla\u015fma bilincini geli\u015ftirmek amac\u0131yla \u2018Bir G\u00fcnl\u00fck Har\u00e7l\u0131\u011f\u0131m Gazze\u2019ye Umut Olsun\u2019 projesini 24-28 Kas\u0131m tarihleri aras\u0131nda hayata ge\u00e7irme karar\u0131 ald\u0131k. Bu proje, yaln\u0131zca \u00f6\u011frencilerimizin iyilik duygusunu g\u00fc\u00e7lendirmekle kalmay\u0131p, ayn\u0131 zamanda T\u00fcrk halk\u0131n\u0131n tarih boyunca mazlumlara kar\u015f\u0131 g\u00f6sterdi\u011fi vicdan\u0131n ve yard\u0131mseverli\u011fin somut bir yans\u0131mas\u0131 olacakt\u0131r. Proje payda\u015flar\u0131m\u0131z olan Bergama \u0130l\u00e7e Milli E\u011fitim M\u00fcd\u00fcr\u00fcm\u00fcz Say\u0131n Ekrem Ulus\u2019a, Dikili \u0130l\u00e7e Milli E\u011fitim M\u00fcd\u00fcr\u00fcm\u00fcz Say\u0131n Nuri Kiraz\u2019a, K\u0131n\u0131k \u0130l\u00e7e Milli E\u011fitim M\u00fcd\u00fcr\u00fcm\u00fcz Say\u0131n \u00d6mer Derelio\u011flu\u2019na, sevgili \u00f6\u011frencilerimize, sayg\u0131de\u011fer \u00f6\u011fretmenlerimize, k\u0131ymetli velilerimize ve t\u00fcm hay\u0131rseverlere \u015f\u00fckranlar\u0131m\u0131z\u0131sunar\u0131z.&#8221;<br \/><\/p>\n","protected":false},"excerpt":{"rendered":"<p>Bergama K\u0131z\u0131lay \u015eubesi, Bergama, Dikili ve K\u0131n\u0131k il\u00e7e Milli E\u011fitim M\u00fcd\u00fcrl\u00fckleri i\u015f birli\u011fiyle Gazze\u2019de ya\u015fanan insani dram nedeniyle \u00f6rnek bir sosyal sorumluluk projesi ba\u015flatt\u0131. \u00dc\u00e7 il\u00e7ede e\u015f zamanl\u0131 uygulanacak \u2018Bir G\u00fcnl\u00fck Har\u00e7l\u0131\u011f\u0131m Gazze\u2019ye Umut Olsun\u2019 projesi, \u00f6\u011frencilerde yard\u0131mla\u015fma, empati ve payla\u015fma bilincini g\u00fc\u00e7lendirmeyi hedefliyor. Projeye Bergama K\u0131z\u0131lay \u015eube Ba\u015fkan\u0131 Mehmet Ayd\u0131n, Bergama \u0130l\u00e7e Milli E\u011fitim&#8230;<\/p>\n","protected":false},"author":1,"featured_media":70092,"comment_status":"open","ping_status":"open","sticky":false,"template":"","format":"standard","meta":{"_crdt_document":"","footnotes":""},"categories":[1],"tags":[],"class_list":["post-70091","post","type-post","status-publish","format-standard","has-post-thumbnail","hentry","category-guncel"],"_links":{"self":[{"href":"https:\/\/www.egemtv.com\/index.php?rest_route=\/wp\/v2\/posts\/70091","targetHints":{"allow":["GET"]}}],"collection":[{"href":"https:\/\/www.egemtv.com\/index.php?rest_route=\/wp\/v2\/posts"}],"about":[{"href":"https:\/\/www.egemtv.com\/index.php?rest_route=\/wp\/v2\/types\/post"}],"author":[{"embeddable":true,"href":"https:\/\/www.egemtv.com\/index.php?rest_route=\/wp\/v2\/users\/1"}],"replies":[{"embeddable":true,"href":"https:\/\/www.egemtv.com\/index.php?rest_route=%2Fwp%2Fv2%2Fcomments&post=70091"}],"version-history":[{"count":1,"href":"https:\/\/www.egemtv.com\/index.php?rest_route=\/wp\/v2\/posts\/70091\/revisions"}],"predecessor-version":[{"id":70093,"href":"https:\/\/www.egemtv.com\/index.php?rest_route=\/wp\/v2\/posts\/70091\/revisions\/70093"}],"wp:featuredmedia":[{"embeddable":true,"href":"https:\/\/www.egemtv.com\/index.php?rest_route=\/wp\/v2\/media\/70092"}],"wp:attachment":[{"href":"https:\/\/www.egemtv.com\/index.php?rest_route=%2Fwp%2Fv2%2Fmedia&parent=70091"}],"wp:term":[{"taxonomy":"category","embeddable":true,"href":"https:\/\/www.egemtv.com\/index.php?rest_route=%2Fwp%2Fv2%2Fcategories&post=70091"},{"taxonomy":"post_tag","embeddable":true,"href":"https:\/\/www.egemtv.com\/index.php?rest_route=%2Fwp%2Fv2%2Ftags&post=70091"}],"curies":[{"name":"wp","href":"https:\/\/api.w.org\/{rel}","templated":true}]}}