{"id":70055,"date":"2025-11-25T14:55:56","date_gmt":"2025-11-25T11:55:56","guid":{"rendered":"https:\/\/www.egemtv.com\/?p=70055"},"modified":"2025-11-25T14:55:56","modified_gmt":"2025-11-25T11:55:56","slug":"mugla-buyuksehir-sporcularindan-2-turkiye-sampiyonlugu","status":"publish","type":"post","link":"https:\/\/www.egemtv.com\/?p=70055","title":{"rendered":"Mu\u011fla B\u00fcy\u00fck\u015fehir sporcular\u0131ndan 2 T\u00fcrkiye \u015fampiyonlu\u011fu"},"content":{"rendered":"<p>Ayd\u0131n\u2019da d\u00fczenlenen T\u00fcrkiye Hemsball \u015eampiyonas\u0131\u2019nda Mu\u011fla B\u00fcy\u00fck\u015fehir Belediyesi sporcular\u0131 2 T\u00fcrkiye \u015eampiyonlu\u011fu kazand\u0131.<br \/>\n<br \/>Ayd\u0131n\u2019da d\u00fczenlenen T\u00fcrkiye Hemsball \u015eampiyonas\u0131\u2019nda Mu\u011fla B\u00fcy\u00fck\u015fehir Belediyesi sporcular\u0131 \u00f6nemli ba\u015far\u0131lara imza att\u0131. T\u00fcrkiye Geli\u015fmekte Olan Spor Bran\u015flar\u0131 Federasyonu taraf\u0131ndan organize edilen 2. K\u0131z-Erkek Gen\u00e7ler ve B\u00fcy\u00fckler Hemsball T\u00fcrkiye \u015eampiyonas\u0131, Nazilli R\u0131dvan Dilmen Spor Salonu\u2019nda ger\u00e7ekle\u015ftirildi. T\u00fcrkiye genelinden 30 tak\u0131m ve 140 sporcunun kat\u0131ld\u0131\u011f\u0131 \u015fampiyonaya Mu\u011fla ekibi damgas\u0131n\u0131 vurdu.<br \/>\n<br \/>Tak\u0131m ve bireyselde \u00e7ifte \u015fampiyonluk<br \/>\n<br \/>Mu\u011fla B\u00fcy\u00fck\u015fehir Belediyesi sporcular\u0131, b\u00fcy\u00fckler kategorisinde S\u0131la Aleyna \u00c7elebi, Aleyna Sat\u0131lm\u0131\u015f, bireysel yar\u0131\u015fmalarda Aleyna Sat\u0131lm\u0131\u015f T\u00fcrkiye \u015eampiyonlu\u011fu elde ederek b\u00fcy\u00fck bir ba\u015far\u0131ya ula\u015ft\u0131. Ayn\u0131 turnuvada Mu\u011fla sporcular\u0131, b\u00fcy\u00fckler bireysel kategorisinde Aleyna Sat\u0131lm\u0131\u015f, , gen\u00e7 k\u0131zlar ferdi kategorisinde Berfin Dilek Yi\u011fit ve gen\u00e7 k\u0131zlar tak\u0131m kategorisinde Elma Dere, Gamze \u00c7ift\u00e7io\u011flu T\u00fcrkiye \u00fc\u00e7\u00fcnc\u00fcl\u00fc\u011f\u00fc kazanarak toplamda be\u015f madalya ile organizasyonu tamamlad\u0131.<br \/>\n<br \/>Mu\u011fla B\u00fcy\u00fck\u015fehir Belediyesi Gen\u00e7lik ve Spor Hizmetleri Dairesi Ba\u015fkan\u0131 Mustafa \u00d6zpoyraz: &#8220;Ayd\u0131n\u2019da d\u00fczenlenen T\u00fcrkiye Hemsball \u015eampiyonas\u0131\u2019nda Mu\u011fla B\u00fcy\u00fck\u015fehir Belediyesi sporcular\u0131m\u0131z 2 T\u00fcrkiye \u015eampiyonlu\u011fu 3 T\u00fcrkiye \u00fc\u00e7\u00fcnc\u00fcl\u00fc\u011f\u00fc kazand\u0131.  Sporcular\u0131m\u0131za destek veren Mu\u011fla B\u00fcy\u00fck\u015fehir Belediye Ba\u015fkan\u0131m\u0131z Say\u0131n Ahmet Aras\u2019a antren\u00f6rlerimize, ailelerimize te\u015fekk\u00fcr ediyorum. Mu\u011fla\u2019y\u0131 ulusal arenada en iyi \u015fekilde temsil eden t\u00fcm sporcular\u0131m\u0131za te\u015fekk\u00fcr ediyor, ba\u015far\u0131lar\u0131n\u0131n devam\u0131n\u0131 diliyorum&#8221; dedi.<br \/>\n<br \/>Ba\u015fkan Aras: &#8220;Sporcular\u0131m\u0131z y\u00fcrekten kutluyorum&#8221;<br \/>\n<br \/>K\u0131y\u0131 Ege Belediyeler Birli\u011fi ve Mu\u011fla B\u00fcy\u00fck\u015fehir Belediye Ba\u015fkan\u0131 Ahmet Aras &#8221; Mu\u011fla\u2019m\u0131z\u0131 T\u00fcrkiye Hemsball \u015eampiyonas\u0131\u2019nda gururla temsil ederek iki T\u00fcrkiye \u015eampiyonlu\u011fu ve \u00fc\u00e7 T\u00fcrkiye \u00fc\u00e7\u00fcnc\u00fcl\u00fc\u011f\u00fc kazanan B\u00fcy\u00fck\u015fehir Belediyesi sporcular\u0131m\u0131z\u0131 y\u00fcrekten kutluyorum. Elde edilen bu ba\u015far\u0131, disiplinli \u00e7al\u0131\u015fman\u0131n, azmin ve ekip ruhunun en g\u00fczel g\u00f6stergesidir. Sporcular\u0131m\u0131z\u0131 yeti\u015ftiren k\u0131ymetli antren\u00f6rlerimize, emek veren t\u00fcm teknik ekibimize ve her zaman yan\u0131m\u0131zda olan ailelere te\u015fekk\u00fcr ediyorum. B\u00fcy\u00fck\u015fehir Belediyesi olarak spora ve sporcuya destek vermeye devam edece\u011fiz. Bu ba\u015far\u0131lar, gelecekte elde edece\u011fimiz daha b\u00fcy\u00fck zaferlerin habercisidir&#8221; dedi.<br \/><\/p>\n","protected":false},"excerpt":{"rendered":"<p>Ayd\u0131n\u2019da d\u00fczenlenen T\u00fcrkiye Hemsball \u015eampiyonas\u0131\u2019nda Mu\u011fla B\u00fcy\u00fck\u015fehir Belediyesi sporcular\u0131 2 T\u00fcrkiye \u015eampiyonlu\u011fu kazand\u0131. Ayd\u0131n\u2019da d\u00fczenlenen T\u00fcrkiye Hemsball \u015eampiyonas\u0131\u2019nda Mu\u011fla B\u00fcy\u00fck\u015fehir Belediyesi sporcular\u0131 \u00f6nemli ba\u015far\u0131lara imza att\u0131. T\u00fcrkiye Geli\u015fmekte Olan Spor Bran\u015flar\u0131 Federasyonu taraf\u0131ndan organize edilen 2. K\u0131z-Erkek Gen\u00e7ler ve B\u00fcy\u00fckler Hemsball T\u00fcrkiye \u015eampiyonas\u0131, Nazilli R\u0131dvan Dilmen Spor Salonu\u2019nda ger\u00e7ekle\u015ftirildi. T\u00fcrkiye genelinden 30 tak\u0131m ve 140&#8230;<\/p>\n","protected":false},"author":1,"featured_media":70056,"comment_status":"open","ping_status":"open","sticky":false,"template":"","format":"standard","meta":{"_crdt_document":"","footnotes":""},"categories":[4],"tags":[],"class_list":["post-70055","post","type-post","status-publish","format-standard","has-post-thumbnail","hentry","category-spor"],"_links":{"self":[{"href":"https:\/\/www.egemtv.com\/index.php?rest_route=\/wp\/v2\/posts\/70055","targetHints":{"allow":["GET"]}}],"collection":[{"href":"https:\/\/www.egemtv.com\/index.php?rest_route=\/wp\/v2\/posts"}],"about":[{"href":"https:\/\/www.egemtv.com\/index.php?rest_route=\/wp\/v2\/types\/post"}],"author":[{"embeddable":true,"href":"https:\/\/www.egemtv.com\/index.php?rest_route=\/wp\/v2\/users\/1"}],"replies":[{"embeddable":true,"href":"https:\/\/www.egemtv.com\/index.php?rest_route=%2Fwp%2Fv2%2Fcomments&post=70055"}],"version-history":[{"count":1,"href":"https:\/\/www.egemtv.com\/index.php?rest_route=\/wp\/v2\/posts\/70055\/revisions"}],"predecessor-version":[{"id":70057,"href":"https:\/\/www.egemtv.com\/index.php?rest_route=\/wp\/v2\/posts\/70055\/revisions\/70057"}],"wp:featuredmedia":[{"embeddable":true,"href":"https:\/\/www.egemtv.com\/index.php?rest_route=\/wp\/v2\/media\/70056"}],"wp:attachment":[{"href":"https:\/\/www.egemtv.com\/index.php?rest_route=%2Fwp%2Fv2%2Fmedia&parent=70055"}],"wp:term":[{"taxonomy":"category","embeddable":true,"href":"https:\/\/www.egemtv.com\/index.php?rest_route=%2Fwp%2Fv2%2Fcategories&post=70055"},{"taxonomy":"post_tag","embeddable":true,"href":"https:\/\/www.egemtv.com\/index.php?rest_route=%2Fwp%2Fv2%2Ftags&post=70055"}],"curies":[{"name":"wp","href":"https:\/\/api.w.org\/{rel}","templated":true}]}}