{"id":69911,"date":"2025-11-24T21:42:06","date_gmt":"2025-11-24T18:42:06","guid":{"rendered":"https:\/\/www.egemtv.com\/?p=69911"},"modified":"2025-11-24T21:42:07","modified_gmt":"2025-11-24T18:42:07","slug":"vali-musa-isin-kutahyayi-hak-ettigi-noktaya-hep-birlikte-tasiyacagiz","status":"publish","type":"post","link":"https:\/\/www.egemtv.com\/?p=69911","title":{"rendered":"Vali Musa I\u015f\u0131n: &#8220;K\u00fctahya\u2019y\u0131 hak etti\u011fi noktaya hep birlikte ta\u015f\u0131yaca\u011f\u0131z&#8221;"},"content":{"rendered":"<p>K\u00fctahya Valisi Musa I\u015f\u0131n, hayata ge\u00e7irilecek projelerle K\u00fctahya\u2019n\u0131n kimli\u011fini yeniden kazanaca\u011f\u0131n\u0131 belirterek, &#8220;K\u00fctahya sakl\u0131 bir cennettir, kapa\u011f\u0131 a\u00e7\u0131lmam\u0131\u015f. \u0130n\u015fallah o kapa\u011f\u0131 hep birlikte a\u00e7aca\u011f\u0131z&#8221; dedi.<br \/>\n<br \/>Vali I\u015f\u0131n, \u0130l Genel Meclisi toplant\u0131s\u0131nda yapt\u0131\u011f\u0131 konu\u015fmada \u015fehir merkezi i\u00e7in haz\u0131rlanan projelerin tamamland\u0131\u011f\u0131n\u0131 belirterek, ilk etapta Samanpazar\u0131 ve Bal\u0131kl\u0131 Sokak b\u00f6lgelerinden ba\u015flanaca\u011f\u0131n\u0131 ifade etti. Projenin K\u00fclt\u00fcr ve Turizm Bakanl\u0131\u011f\u0131 taraf\u0131ndan ger\u00e7ekle\u015ftirilece\u011fini s\u00f6yleyen I\u015f\u0131n, gerekli \u00f6deneklerin ayr\u0131ld\u0131\u011f\u0131n\u0131 ve Cumhurba\u015fkanl\u0131\u011f\u0131 Strateji Ba\u015fkanl\u0131\u011f\u0131 taraf\u0131ndan onay verildi\u011fini kaydetti.<\/p>\n<p>Aizonai\u2019de b\u00fcy\u00fck restorasyon hamlesi<br \/>\n<br \/>Aizonai Antik Kenti\u2019nde \u00f6nemli ilerlemeler kaydedildi\u011fini aktaran Vali I\u015f\u0131n, nisan ay\u0131nda yap\u0131lacak ihale ile tap\u0131nak b\u00f6l\u00fcm\u00fcnde kapsaml\u0131 bir restorasyon \u00e7al\u0131\u015fmas\u0131n\u0131n ba\u015flayaca\u011f\u0131n\u0131 belirtti. Tap\u0131naktaki ta\u015flar\u0131n asl\u0131na uygun \u015fekilde yeniden kullan\u0131laca\u011f\u0131n\u0131 ifade eden I\u015f\u0131n, tap\u0131naktan sonra antik tiyatronun restorasyonuna ge\u00e7ilece\u011fini, ard\u0131ndan tarihi stadyumun proje kapsam\u0131na dahil edilece\u011fini s\u00f6yledi. I\u015f\u0131n, &#8220;Bu \u00fc\u00e7 ayak tamamland\u0131\u011f\u0131nda K\u00fctahya, tarihi kimli\u011fini yeniden kazanacak ve \u00f6nemli bir turizm merkezi haline gelecek&#8221; diye konu\u015ftu.<\/p>\n<p>H\u0131zl\u0131 tren ve otoban projeleri<br \/>\n<br \/>Ula\u015ft\u0131rma Bakanl\u0131\u011f\u0131 ile yap\u0131lan g\u00f6r\u00fc\u015fmelerin ard\u0131ndan h\u0131zl\u0131 tren projelerinde K\u00fctahya\u2019n\u0131n \u00f6nemli bir noktada yer ald\u0131\u011f\u0131n\u0131 a\u00e7\u0131klayan Vali I\u015f\u0131n, \u0130stanbul-Antalya hatt\u0131n\u0131n Alayunt\u2019ta istasyonunun bulunaca\u011f\u0131n\u0131 s\u00f6yledi. B\u00f6ylece K\u00fctahyal\u0131lar\u0131n h\u0131zl\u0131 trenle \u0130stanbul, Ankara, Antalya, Konya, Bursa ve bir\u00e7ok b\u00fcy\u00fck ile ula\u015fabilece\u011fini ifade eden Vali I\u015f\u0131n, ayr\u0131ca Ankara-\u0130zmir H\u0131zl\u0131 Treni\u2019nin Dumlup\u0131nar\u2019dan ge\u00e7ece\u011fini ancak K\u00fctahyal\u0131lar\u0131n Eski\u015fehir ba\u011flant\u0131s\u0131yla da \u0130zmir\u2019e rahatl\u0131kla ula\u015fabilece\u011fini belirtti. Vali I\u015f\u0131n, Antalya-\u0130stanbul Otoban\u0131\u2019n\u0131n da K\u00fctahya\u2019dan ge\u00e7ece\u011fini ve projenin ihalesinin 2026 y\u0131l\u0131 sonunda yap\u0131lmas\u0131n\u0131n planland\u0131\u011f\u0131n\u0131, in\u015faat\u0131n ise 2027\u2019de ba\u015flayaca\u011f\u0131n\u0131 s\u00f6yledi.<\/p>\n<p>Turizm Master Plan\u0131 tamamland\u0131<br \/>\n<br \/>K\u00fctahya\u2019n\u0131n turizm potansiyelini ortaya \u00e7\u0131karmak i\u00e7in haz\u0131rlanan Master Turizm Plan\u0131\u2019n\u0131n K\u00fclt\u00fcr ve Turizm Bakanl\u0131\u011f\u0131 koordinasyonunda Kapadokya \u00dcniversitesi taraf\u0131ndan tamamland\u0131\u011f\u0131n\u0131 belirten Vali I\u015f\u0131n, plan\u0131n be\u015f y\u0131ll\u0131k takvimle uygulanaca\u011f\u0131n\u0131, t\u00fcm kurumlar\u0131n sorumluluklar\u0131n\u0131n belirlendi\u011fini ifade etti.<\/p>\n<p>Tarihi kilise restorasyonu i\u00e7in ad\u0131m at\u0131l\u0131yor<br \/>\n<br \/>K\u0131z\u0131lay\u2019a ait olan b\u00fcy\u00fck kilisenin K\u00fctahya\u2019ya kazand\u0131r\u0131lmas\u0131 i\u00e7in \u00e7al\u0131\u015fma y\u00fcr\u00fctt\u00fcklerini belirten I\u015f\u0131n, takas yoluyla yap\u0131n\u0131n devral\u0131naca\u011f\u0131n\u0131 ve ard\u0131ndan \u0130stanbul\u2019daki Ortodoks Rum Kilisesi ile g\u00f6r\u00fc\u015ferek restorasyon s\u00fcrecini ba\u015flatacaklar\u0131n\u0131 s\u00f6yledi. I\u015f\u0131n, projeye y\u00f6nelik yanl\u0131\u015f alg\u0131lar\u0131 da gidererek, &#8220;Kimsenin din de\u011fi\u015ftirece\u011fi yok. Bu bir tarihi eseri \u015fehre yeniden kazand\u0131rma meselesidir&#8221; dedi.<\/p>\n<p>&#8220;Hi\u00e7bir talep geri \u00e7evrilmedi&#8221;<br \/>\n<br \/>Vali I\u015f\u0131n, \u0130l Genel Meclisi \u00fcyeleriyle uyumlu \u00e7al\u0131\u015fmaktan memnuniyet duydu\u011funu vurgulayarak, bug\u00fcne kadar gelen hi\u00e7bir makul talebin geri \u00e7evrilmedi\u011fini s\u00f6yledi. \u0130l \u00d6zel \u0130daresi b\u00fct\u00e7esi olarak tahsis edilen 2 milyar 200 milyon TL\u2019nin &#8220;kuru\u015fu kuru\u015funa&#8221; K\u00fctahya i\u00e7in harcanaca\u011f\u0131n\u0131 belirten Vali I\u015f\u0131n, 2025 ve 2026 y\u0131llar\u0131 i\u00e7in birlik, adalet ve kamu yarar\u0131 vurgusu yapt\u0131. Vali I\u015f\u0131n, s\u00f6zlerini \u015fu temenniyle tamamlad\u0131:<br \/>\n<br \/>&#8220;Memleketimize en g\u00fczel hizmeti yapmay\u0131 Cenab\u0131hak bize nasip etsin. K\u00fctahya\u2019y\u0131 ye\u015filiyle, tarihiyle, zenginlikleriyle ya\u015fanabilir bir kent haline getirmek hepimizin hayalidir. Bu hayali in\u015fallah birlikte ger\u00e7ekle\u015ftirece\u011fiz.&#8221;<br \/><\/p>\n","protected":false},"excerpt":{"rendered":"<p>K\u00fctahya Valisi Musa I\u015f\u0131n, hayata ge\u00e7irilecek projelerle K\u00fctahya\u2019n\u0131n kimli\u011fini yeniden kazanaca\u011f\u0131n\u0131 belirterek, &#8220;K\u00fctahya sakl\u0131 bir cennettir, kapa\u011f\u0131 a\u00e7\u0131lmam\u0131\u015f. \u0130n\u015fallah o kapa\u011f\u0131 hep birlikte a\u00e7aca\u011f\u0131z&#8221; dedi. Vali I\u015f\u0131n, \u0130l Genel Meclisi toplant\u0131s\u0131nda yapt\u0131\u011f\u0131 konu\u015fmada \u015fehir merkezi i\u00e7in haz\u0131rlanan projelerin tamamland\u0131\u011f\u0131n\u0131 belirterek, ilk etapta Samanpazar\u0131 ve Bal\u0131kl\u0131 Sokak b\u00f6lgelerinden ba\u015flanaca\u011f\u0131n\u0131 ifade etti. Projenin K\u00fclt\u00fcr ve Turizm Bakanl\u0131\u011f\u0131&#8230;<\/p>\n","protected":false},"author":1,"featured_media":69912,"comment_status":"open","ping_status":"open","sticky":false,"template":"","format":"standard","meta":{"_crdt_document":"","footnotes":""},"categories":[123],"tags":[],"class_list":["post-69911","post","type-post","status-publish","format-standard","has-post-thumbnail","hentry","category-gundem"],"_links":{"self":[{"href":"https:\/\/www.egemtv.com\/index.php?rest_route=\/wp\/v2\/posts\/69911","targetHints":{"allow":["GET"]}}],"collection":[{"href":"https:\/\/www.egemtv.com\/index.php?rest_route=\/wp\/v2\/posts"}],"about":[{"href":"https:\/\/www.egemtv.com\/index.php?rest_route=\/wp\/v2\/types\/post"}],"author":[{"embeddable":true,"href":"https:\/\/www.egemtv.com\/index.php?rest_route=\/wp\/v2\/users\/1"}],"replies":[{"embeddable":true,"href":"https:\/\/www.egemtv.com\/index.php?rest_route=%2Fwp%2Fv2%2Fcomments&post=69911"}],"version-history":[{"count":1,"href":"https:\/\/www.egemtv.com\/index.php?rest_route=\/wp\/v2\/posts\/69911\/revisions"}],"predecessor-version":[{"id":69913,"href":"https:\/\/www.egemtv.com\/index.php?rest_route=\/wp\/v2\/posts\/69911\/revisions\/69913"}],"wp:featuredmedia":[{"embeddable":true,"href":"https:\/\/www.egemtv.com\/index.php?rest_route=\/wp\/v2\/media\/69912"}],"wp:attachment":[{"href":"https:\/\/www.egemtv.com\/index.php?rest_route=%2Fwp%2Fv2%2Fmedia&parent=69911"}],"wp:term":[{"taxonomy":"category","embeddable":true,"href":"https:\/\/www.egemtv.com\/index.php?rest_route=%2Fwp%2Fv2%2Fcategories&post=69911"},{"taxonomy":"post_tag","embeddable":true,"href":"https:\/\/www.egemtv.com\/index.php?rest_route=%2Fwp%2Fv2%2Ftags&post=69911"}],"curies":[{"name":"wp","href":"https:\/\/api.w.org\/{rel}","templated":true}]}}