{"id":69908,"date":"2025-11-24T21:15:14","date_gmt":"2025-11-24T18:15:14","guid":{"rendered":"https:\/\/www.egemtv.com\/?p=69908"},"modified":"2025-11-24T21:15:15","modified_gmt":"2025-11-24T18:15:15","slug":"datcada-ogretmenler-gunu-duzenlenen-programlar-ile-kutlandi","status":"publish","type":"post","link":"https:\/\/www.egemtv.com\/?p=69908","title":{"rendered":"Dat\u00e7a\u2019da \u00d6\u011fretmenler G\u00fcn\u00fc d\u00fczenlenen programlar ile kutland\u0131"},"content":{"rendered":"<p>IHAAW211018-GEN\/24-11-2025<\/p>\n<p>  &#8211; Dat\u00e7a\u2019da \u00d6\u011fretmenler G\u00fcn\u00fc d\u00fczenlenen programlar ile kutland\u0131  <\/p>\n<p>  (Foto\u011frafl\u0131)  <\/p>\n<p>  Mehmet \u00d6lmez <br \/>  MU\u011eLA (\u0130HA) &#8211; Mu\u011fla\u2019n\u0131n Dat\u00e7a il\u00e7esinde 24 Kas\u0131m \u00d6\u011fretmenler G\u00fcn\u00fc\u2019nde hem co\u015fkuya hem de duygu y\u00fckl\u00fc anlara sahne olan bir dizi etkinli\u011fe ev sahipli\u011fi yapt\u0131. Sabah ba\u015flayan t\u00f6renlerde \u00f6\u011fretmenlik mesle\u011finin de\u011feri bir kez daha vurgulan\u0131rken, g\u00fcn boyunca devam eden kutlamalar anma programlar\u0131 ve g\u00f6steriler il\u00e7ede anlaml\u0131 bir atmosfer olu\u015fturdu.  <\/p>\n<p>  G\u00fcn\u00fcn ilk dura\u011f\u0131, saat 09.30\u2019da Cumhuriyet Meydan\u0131 oldu. \u0130l\u00e7e Milli E\u011fitim M\u00fcd\u00fcrl\u00fc\u011f\u00fc\u2019n\u00fcn Atat\u00fcrk An\u0131t\u0131\u2019na \u00e7elenk sunmas\u0131yla ba\u015flayan program, sayg\u0131 duru\u015fu ve \u0130stiklal Mar\u015f\u0131\u2019n\u0131n okunmas\u0131yla tamamland\u0131. \u00d6\u011fretmenler, \u00f6\u011frenciler ve il\u00e7e protokol\u00fcn\u00fcn kat\u0131ld\u0131\u011f\u0131 t\u00f6ren, \u00d6\u011fretmenler G\u00fcn\u00fc\u2019n\u00fcn ruhuna uygun bir ba\u015flang\u0131\u00e7 yapt\u0131.<\/p>\n<p>  Kutlamalar\u0131n ikinci b\u00f6l\u00fcm\u00fc ise 14.00\u2019te B\u00fclent Ecevit K\u00fclt\u00fcr Merkezi\u2019nde ger\u00e7ekle\u015ftirildi. Yo\u011fun kat\u0131l\u0131m\u0131n oldu\u011fu programda, Milli E\u011fitim Bakan\u0131 Yusuf Tekin\u2019in mesaj\u0131 okundu. Ard\u0131ndan k\u00fcrs\u00fcye \u00e7\u0131kan \u0130l\u00e7e Milli E\u011fitim M\u00fcd\u00fcr\u00fc B\u00fclent Aldal, \u00f6\u011fretmenli\u011fin yaln\u0131zca bir meslek de\u011fil, gelece\u011fi in\u015fa eden bir sorumluluk oldu\u011funa dikkat \u00e7ekti. Aldal konu\u015fmas\u0131nda, \u00f6\u011fretmenlerin bilimin \u0131\u015f\u0131\u011f\u0131nda \u00e7ocuklar\u0131n yar\u0131nlar\u0131n\u0131 \u015fekillendirdi\u011fini, her \u00e7ocu\u011fun \u00f6\u011frenebilece\u011fini ve onlar\u0131n ruhsal geli\u015fimlerine zaman ay\u0131rman\u0131n \u00f6nemini vurgulad\u0131.<\/p>\n<p>  Programda Y\u0131lmazlar Ortaokulu\u2019nun korosu sahne ald\u0131. Emekli \u00f6\u011fretmenlerle yap\u0131lan r\u00f6portajlar\u0131n yer ald\u0131\u011f\u0131 \u00f6zel video ve ye\u015fil vatan temal\u0131 \u00e7al\u0131\u015fma izleyicinin be\u011fenisine sunuldu. \u015eiirler, oratoryo ve m\u00fczikli g\u00f6steriler salonun atmosferini renklendirdi. Emekli \u00f6\u011fretmen Abdullah Y\u0131lmaz\u2019\u0131n konu\u015fmas\u0131 ve \u2019\u00d6\u011fretmenim Mektubum Var\u2019 adl\u0131 video g\u00f6sterimi ise duygusal anlara neden oldu.<\/p>\n<p>  T\u00f6rende Atat\u00fcrk Ortaokulu \u00f6\u011fretmenlerinden G\u00f6n\u00fcl \u00d6cek\u2019e \u00e7i\u00e7ek takdim edildi. Emekli \u00f6\u011fretmenlere hizmet \u015feref belgeleri sunuldu. \u015eehit \u00f6\u011fretmen Ersoy Yorulmaz\u2019\u0131n babas\u0131 Dursun Yorulmaz\u2019a verilen \u00e7i\u00e7ek ise salondaki duygusal havay\u0131 daha da derinle\u015ftirdi. Ayr\u0131ca resim, \u015fiir ve kompozisyon yar\u0131\u015fmalar\u0131nda dereceye giren \u00f6\u011frencilere \u00f6d\u00fclleri verildi.<\/p>\n<p>  \u015eehit \u00f6\u011fretmen Yorulmaz unutulmad\u0131<br \/>  G\u00fcn\u00fcn en anlaml\u0131 duraklar\u0131ndan biri de Yaka K\u00f6y\u00fc Mezarl\u0131\u011f\u0131\u2019nda yap\u0131lan kabir ziyaretiydi. Dat\u00e7a\u2019da g\u00f6rev yaparken ter\u00f6r sald\u0131r\u0131s\u0131nda \u015fehit olan \u00f6\u011fretmen Ersoy Yorulmaz i\u00e7in dualar okundu, mezar\u0131 ba\u015f\u0131nda anma ger\u00e7ekle\u015ftirildi.<\/p>\n<p>  \u0130l\u00e7ede g\u00fcn boyunca s\u00fcren etkinlikler, \u00f6\u011fretmenlik mesle\u011finin toplumdaki yerini ve de\u011ferini bir kez daha g\u00fc\u00e7l\u00fc \u015fekilde hat\u0131rlatt\u0131.<br \/>  (M\u00d6-MU-Y)<\/p>\n<p>24.11.2025 21:12:10  TSI<br \/>NNNN<\/p>\n","protected":false},"excerpt":{"rendered":"<p>IHAAW211018-GEN\/24-11-2025 &#8211; Dat\u00e7a\u2019da \u00d6\u011fretmenler G\u00fcn\u00fc d\u00fczenlenen programlar ile kutland\u0131 (Foto\u011frafl\u0131) Mehmet \u00d6lmez MU\u011eLA (\u0130HA) &#8211; Mu\u011fla\u2019n\u0131n Dat\u00e7a il\u00e7esinde 24 Kas\u0131m \u00d6\u011fretmenler G\u00fcn\u00fc\u2019nde hem co\u015fkuya hem de duygu y\u00fckl\u00fc anlara sahne olan bir dizi etkinli\u011fe ev sahipli\u011fi yapt\u0131. Sabah ba\u015flayan t\u00f6renlerde \u00f6\u011fretmenlik mesle\u011finin de\u011feri bir kez daha vurgulan\u0131rken, g\u00fcn boyunca devam eden kutlamalar anma programlar\u0131 ve&#8230;<\/p>\n","protected":false},"author":1,"featured_media":69909,"comment_status":"open","ping_status":"open","sticky":false,"template":"","format":"standard","meta":{"_crdt_document":"","footnotes":""},"categories":[1],"tags":[],"class_list":["post-69908","post","type-post","status-publish","format-standard","has-post-thumbnail","hentry","category-guncel"],"_links":{"self":[{"href":"https:\/\/www.egemtv.com\/index.php?rest_route=\/wp\/v2\/posts\/69908","targetHints":{"allow":["GET"]}}],"collection":[{"href":"https:\/\/www.egemtv.com\/index.php?rest_route=\/wp\/v2\/posts"}],"about":[{"href":"https:\/\/www.egemtv.com\/index.php?rest_route=\/wp\/v2\/types\/post"}],"author":[{"embeddable":true,"href":"https:\/\/www.egemtv.com\/index.php?rest_route=\/wp\/v2\/users\/1"}],"replies":[{"embeddable":true,"href":"https:\/\/www.egemtv.com\/index.php?rest_route=%2Fwp%2Fv2%2Fcomments&post=69908"}],"version-history":[{"count":1,"href":"https:\/\/www.egemtv.com\/index.php?rest_route=\/wp\/v2\/posts\/69908\/revisions"}],"predecessor-version":[{"id":69910,"href":"https:\/\/www.egemtv.com\/index.php?rest_route=\/wp\/v2\/posts\/69908\/revisions\/69910"}],"wp:featuredmedia":[{"embeddable":true,"href":"https:\/\/www.egemtv.com\/index.php?rest_route=\/wp\/v2\/media\/69909"}],"wp:attachment":[{"href":"https:\/\/www.egemtv.com\/index.php?rest_route=%2Fwp%2Fv2%2Fmedia&parent=69908"}],"wp:term":[{"taxonomy":"category","embeddable":true,"href":"https:\/\/www.egemtv.com\/index.php?rest_route=%2Fwp%2Fv2%2Fcategories&post=69908"},{"taxonomy":"post_tag","embeddable":true,"href":"https:\/\/www.egemtv.com\/index.php?rest_route=%2Fwp%2Fv2%2Ftags&post=69908"}],"curies":[{"name":"wp","href":"https:\/\/api.w.org\/{rel}","templated":true}]}}