{"id":69905,"date":"2025-11-24T21:15:13","date_gmt":"2025-11-24T18:15:13","guid":{"rendered":"https:\/\/www.egemtv.com\/?p=69905"},"modified":"2025-11-24T21:15:14","modified_gmt":"2025-11-24T18:15:14","slug":"aydin-buyuksehir-belediye-meclisi-chp-grup-baskan-vekili-gunel-aydinda-hizmetin-onundeki-tek-engel-cercioglu","status":"publish","type":"post","link":"https:\/\/www.egemtv.com\/?p=69905","title":{"rendered":"Ayd\u0131n B\u00fcy\u00fck\u015fehir Belediye Meclisi CHP Grup Ba\u015fkan Vekili G\u00fcnel: &#8220;Ayd\u0131n\u2019da hizmetin \u00f6n\u00fcndeki tek engel \u00c7er\u00e7io\u011flu&#8221;"},"content":{"rendered":"<p>Ayd\u0131n B\u00fcy\u00fck\u015fehir Belediyesi Kas\u0131m ay\u0131 ola\u011fan meclis toplant\u0131s\u0131 2\u2019inci oturumundan sonra bir a\u00e7\u0131klama yapan Ku\u015fadas\u0131 Belediye Ba\u015fkan\u0131 ve CHP Grup Ba\u015fkan Vekili \u00d6mer G\u00fcnel, &#8220;Biz t\u00fcm toplant\u0131larda seviyemizi korumam\u0131za ra\u011fmen, Ayd\u0131n halk\u0131 ve se\u00e7ilmi\u015f belediye ba\u015fkanlar\u0131m\u0131za hakaret eden, hukuku e\u011fip b\u00fckmeye \u00e7al\u0131\u015fan, hakaretin de boyutunu ve dozunu giderek art\u0131ran bir b\u00fcy\u00fck\u015fehir belediye ba\u015fkan\u0131yla kar\u015f\u0131 kar\u015f\u0131yay\u0131z. Ayd\u0131n halk\u0131na hizmetin \u00f6n\u00fcndeki tek engel \u00d6zlem \u00c7er\u00e7io\u011flu\u2019dur&#8221; dedi.<br \/>\n<br \/>Ayd\u0131n B\u00fcy\u00fck\u015fehir Belediyesi Kas\u0131m ay\u0131 ola\u011fan meclis toplant\u0131s\u0131 2\u2019nci oturumu B\u00fcy\u00fck\u015fehir Belediye Ba\u015fkan\u0131 \u00d6zlem \u00c7er\u00e7io\u011flu y\u00f6netiminde ger\u00e7ekle\u015ftirildi. \u0130l\u00e7e belediyelerinin 2026 Mali Y\u0131l\u0131 Analitik B\u00fct\u00e7elerinin belirlendi\u011fi toplant\u0131da zaman zaman gerilim ya\u015fand\u0131.<br \/>\n<br \/>Ku\u015fadas\u0131 Belediye Ba\u015fkan\u0131 ve CHP Grup Ba\u015fkan Vekili \u00d6mer G\u00fcnel, meclis toplant\u0131s\u0131ndan sonra Ayd\u0131n B\u00fcy\u00fck\u015fehir Belediyesi Hizmet Binas\u0131 \u00f6n\u00fcnde bir bas\u0131n a\u00e7\u0131klamas\u0131 yapt\u0131. A\u00e7\u0131klamas\u0131nda AK Parti\u2019ye ge\u00e7en Ayd\u0131n B\u00fcy\u00fck\u015fehir Belediye Ba\u015fkan\u0131 \u00d6zlem \u00c7er\u00e7io\u011flu\u2019nun meclisi kanunlara ayk\u0131r\u0131 bir \u015fekilde y\u00f6netti\u011fini ileri s\u00fcren Ba\u015fkan \u00d6mer G\u00fcnel, &#8220;Biz t\u00fcm toplant\u0131larda seviyemizi korumam\u0131za ra\u011fmen, Ayd\u0131n halk\u0131 ve se\u00e7ilmi\u015f belediye ba\u015fkanlar\u0131m\u0131za hakaret eden, hukuku e\u011fip b\u00fckmeye \u00e7al\u0131\u015fan, hakaretin de boyutunu ve dozunu giderek art\u0131ran bir b\u00fcy\u00fck\u015fehir belediye ba\u015fkan\u0131yla kar\u015f\u0131 kar\u015f\u0131yay\u0131z. Biz \u015fu an anl\u0131yoruz ki Ayd\u0131n B\u00fcy\u00fck\u015fehir Belediye Meclisi\u2019nde bir tek sorun var. O da \u00d6zlem \u00c7er\u00e7io\u011flu. Kanuna uymak istemiyor. CHP grubunu yok sayan bir tav\u0131r sergiliyor. B\u00f6yle meclis y\u00f6netilemez. Meclis kimsenin babas\u0131n\u0131n \u00e7iftli\u011fi de\u011fil&#8221; ifadelerini kulland\u0131.<br \/>\n<br \/>A\u00e7\u0131klamas\u0131nda meclis toplant\u0131s\u0131 \u00f6ncesi ASK\u0130 Genel Kurulu\u2019nda ya\u015fananlara da de\u011finen CHP Grup Ba\u015fkan Vekili \u00d6mer G\u00fcnel, &#8220;Bak\u0131n ASK\u0130 Genel M\u00fcd\u00fcr\u00fc g\u00f6z\u00fcm\u00fcz\u00fcn i\u00e7ine baka baka yalan s\u00f6yledi. Elimizde belgeler var. AK Parti\u2019li meclis \u00fcyeleri, su indirimiyle ilgili Plan ve B\u00fct\u00e7e Komisyonu\u2019na evraklar\u0131n verildi\u011fine dair \u015ferh koymu\u015flar. Ama gelin g\u00f6r\u00fcn ki ay\u0131n 19\u2019unda da yine AK Parti\u2019li meclis \u00fcyeleri ASK\u0130\u2019ye Plan ve B\u00fct\u00e7e Komisyonu\u2019na evraklar g\u00f6nderilmedi diye dilek\u00e7e vermi\u015fler. Yani \u015ferhin yalan oldu\u011fu ortaya \u00e7\u0131k\u0131yor. Yani ben ger\u00e7ekten do\u011frular\u0131, ger\u00e7ekleri, belgeleri b\u00f6yle e\u011fip b\u00fcken bir organizasyonla kar\u015f\u0131la\u015ft\u0131\u011f\u0131m i\u00e7in \u00e7ok \u015fa\u015fk\u0131n\u0131m&#8221; diye konu\u015ftu.<br \/>\n<br \/>\u00d6zlem \u00c7er\u00e7io\u011flu\u2019nun meclisin oturumunda s\u00f6yledi\u011fi su faturalar\u0131nda y\u00fczde 70 indirim s\u00f6z\u00fcn\u00fcn de inkar etti\u011fine ileri s\u00fcren G\u00fcnel s\u00f6zlerine \u015f\u00f6yle devam etti: &#8220;Bak\u0131n bununla ilgili elimizde video kay\u0131tlar\u0131 var. Y\u00fczde 70 su kullan\u0131m \u00fccretindeki indirimi oylamaya sundu ve oy birli\u011fiyle kabul edildi. Bug\u00fcn biz \u00f6yle bir \u015fey yapmad\u0131k, hay\u0131r, ben \u00f6yle bir \u015fey oylamad\u0131m diyor. Bizim amac\u0131m\u0131z ekonomik kriz ortam\u0131nda Ayd\u0131n halk\u0131n\u0131n cebine \u00fc\u00e7 kuru\u015f koyabilmek ve evindeki yang\u0131n\u0131 birazc\u0131k s\u00f6nd\u00fcrebilmek. Zaten su faturalar\u0131nda y\u00fczde 50 indirim de AK Parti\u2019nin yerel se\u00e7imdeki aday\u0131n\u0131n vaadiydi. Pop\u00fclizmle, ger\u00e7ekleri e\u011fip b\u00fckmekle Ayd\u0131n\u2019a hizmet edilemez. Bug\u00fcn hizmetin \u00f6n\u00fcndeki en b\u00fcy\u00fck engelin \u00d6zlem \u00c7er\u00e7io\u011flu oldu\u011funu g\u00f6rd\u00fck.&#8221;<br \/>\n<br \/>&#8220;Bizim kimseden korkumuz yok&#8221;<br \/>\n<br \/>\u00d6zlem \u00c7er\u00e7io\u011flu\u2019na mal varl\u0131\u011f\u0131n\u0131 a\u00e7\u0131klamas\u0131 y\u00f6n\u00fcnde \u00e7a\u011fr\u0131 da yapan CHP Grup Ba\u015fkan Vekili \u00d6mer G\u00fcnel s\u00f6zlerini \u015f\u00f6yle tamamlad\u0131: &#8220;Bir sonraki mecliste biz CHP Grubu belediye ba\u015fkanlar\u0131 olarak mal varl\u0131klar\u0131m\u0131z\u0131 a\u00e7\u0131klamaya haz\u0131r\u0131z. Buna ailemiz ve akrabalar\u0131m\u0131z\u0131n sahip veya ortak oldu\u011fu \u015firketler de dahil. Ayd\u0131n\u2019daki di\u011fer belediye ba\u015fkanlar\u0131 ve \u00d6zlem \u00c7er\u00e7io\u011flu da hem kendisinin hem ailesinin hem de ASK\u0130  de dahil y\u00fcksek b\u00fcrokratlar\u0131n\u0131n mal varl\u0131\u011f\u0131n\u0131 a\u00e7\u0131klas\u0131n. Bizim bu konuda kimseden korkumuz yok.&#8221;<br \/><\/p>\n","protected":false},"excerpt":{"rendered":"<p>Ayd\u0131n B\u00fcy\u00fck\u015fehir Belediyesi Kas\u0131m ay\u0131 ola\u011fan meclis toplant\u0131s\u0131 2\u2019inci oturumundan sonra bir a\u00e7\u0131klama yapan Ku\u015fadas\u0131 Belediye Ba\u015fkan\u0131 ve CHP Grup Ba\u015fkan Vekili \u00d6mer G\u00fcnel, &#8220;Biz t\u00fcm toplant\u0131larda seviyemizi korumam\u0131za ra\u011fmen, Ayd\u0131n halk\u0131 ve se\u00e7ilmi\u015f belediye ba\u015fkanlar\u0131m\u0131za hakaret eden, hukuku e\u011fip b\u00fckmeye \u00e7al\u0131\u015fan, hakaretin de boyutunu ve dozunu giderek art\u0131ran bir b\u00fcy\u00fck\u015fehir belediye ba\u015fkan\u0131yla kar\u015f\u0131 kar\u015f\u0131yay\u0131z&#8230;.<\/p>\n","protected":false},"author":1,"featured_media":69906,"comment_status":"open","ping_status":"open","sticky":false,"template":"","format":"standard","meta":{"_crdt_document":"","footnotes":""},"categories":[127],"tags":[],"class_list":["post-69905","post","type-post","status-publish","format-standard","has-post-thumbnail","hentry","category-siyaset"],"_links":{"self":[{"href":"https:\/\/www.egemtv.com\/index.php?rest_route=\/wp\/v2\/posts\/69905","targetHints":{"allow":["GET"]}}],"collection":[{"href":"https:\/\/www.egemtv.com\/index.php?rest_route=\/wp\/v2\/posts"}],"about":[{"href":"https:\/\/www.egemtv.com\/index.php?rest_route=\/wp\/v2\/types\/post"}],"author":[{"embeddable":true,"href":"https:\/\/www.egemtv.com\/index.php?rest_route=\/wp\/v2\/users\/1"}],"replies":[{"embeddable":true,"href":"https:\/\/www.egemtv.com\/index.php?rest_route=%2Fwp%2Fv2%2Fcomments&post=69905"}],"version-history":[{"count":1,"href":"https:\/\/www.egemtv.com\/index.php?rest_route=\/wp\/v2\/posts\/69905\/revisions"}],"predecessor-version":[{"id":69907,"href":"https:\/\/www.egemtv.com\/index.php?rest_route=\/wp\/v2\/posts\/69905\/revisions\/69907"}],"wp:featuredmedia":[{"embeddable":true,"href":"https:\/\/www.egemtv.com\/index.php?rest_route=\/wp\/v2\/media\/69906"}],"wp:attachment":[{"href":"https:\/\/www.egemtv.com\/index.php?rest_route=%2Fwp%2Fv2%2Fmedia&parent=69905"}],"wp:term":[{"taxonomy":"category","embeddable":true,"href":"https:\/\/www.egemtv.com\/index.php?rest_route=%2Fwp%2Fv2%2Fcategories&post=69905"},{"taxonomy":"post_tag","embeddable":true,"href":"https:\/\/www.egemtv.com\/index.php?rest_route=%2Fwp%2Fv2%2Ftags&post=69905"}],"curies":[{"name":"wp","href":"https:\/\/api.w.org\/{rel}","templated":true}]}}