{"id":69902,"date":"2025-11-24T21:15:13","date_gmt":"2025-11-24T18:15:13","guid":{"rendered":"https:\/\/www.egemtv.com\/?p=69902"},"modified":"2025-11-24T21:15:13","modified_gmt":"2025-11-24T18:15:13","slug":"62-yil-sonra-ilk-ogretmenleri-ile-bulusup-gununu-kutladilar","status":"publish","type":"post","link":"https:\/\/www.egemtv.com\/?p=69902","title":{"rendered":"62 y\u0131l sonra ilk \u00f6\u011fretmenleri ile bulu\u015fup g\u00fcn\u00fcn\u00fc kutlad\u0131lar"},"content":{"rendered":"<p>Mu\u011fla\u2019n\u0131n Marmaris il\u00e7esine ba\u011fl\u0131 \u00c7etibeli Mahallesi\u2019nde 1958 y\u0131l\u0131nda ilkokul \u00f6\u011fretmeni olarak g\u00f6reve ba\u015flayan Ayten Binay \u00d6zbek, o d\u00f6nem 7-8 ya\u015flar\u0131nda olan bug\u00fcn 70\u2019lerinde olan ilk \u00f6\u011frencileri ile \u00d6\u011fretmenler G\u00fcn\u00fc\u2019n\u00fc kutlad\u0131.<\/p>\n<p>Marmaris \u0130l\u00e7e Milli e\u011fitim M\u00fcd\u00fcr\u00fc Serap Aksel\u2019in de kat\u0131l\u0131m sa\u011flad\u0131\u011f\u0131 \u00c7etibeli \u0130lkokulu\u2019nda d\u00fczenlenen \u00d6\u011fretmenler G\u00fcn\u00fc program\u0131nda bug\u00fcn vefa dolu bir kutlama ya\u015fand\u0131. Aslen Marmarisli olan ve \u015fu an 85 ya\u015f\u0131ndaki Ayten \u00f6\u011fretmen, 24 Kas\u0131m \u00d6\u011fretmenler G\u00fcn\u00fc vesilesi ile hen\u00fcz 19 ya\u015f\u0131ndayken ba\u015flad\u0131\u011f\u0131 \u00f6\u011fretmenlik mesle\u011findeki ilk okulunda ilk \u00f6\u011frencileri ile bulu\u015fup g\u00fcn\u00fcn\u00fc kutlad\u0131. Marmaris \u0130l\u00e7e Milli E\u011fitim M\u00fcd\u00fcrl\u00fc\u011f\u00fc ve \u00c7etibeli Ali Fikret Bilgin \u0130lkokulu okul y\u00f6netimi taraf\u0131ndan d\u00fczenlenen \u00d6\u011fretmenler G\u00fcn\u00fc program\u0131nda ilk \u00f6\u011frencileri ve okulun yeni \u00f6\u011frencileri ile bulu\u015fturulan Ayten Binay \u00d6zbek duygu dolu anlar ya\u015fad\u0131.<\/p>\n<p>\u00c7etibeli \u0130lkokulu\u2019nda 1958 y\u0131l\u0131nda g\u00f6reve ba\u015flayan Ayten Binay \u00d6zbek, o d\u00f6nem hen\u00fcz 7- 8 ya\u015flar\u0131nda olan \u00f6\u011frencileri ile 62 y\u0131l aradan sonra bulu\u015fup hasret giderdi. \u015eimdi 85, o d\u00f6nem ise 19 ya\u015f\u0131nda olan Ayten \u00f6\u011fretmen, ilk okuma yazmay\u0131 \u00f6\u011fretip mezun etti\u011fi \u00f6\u011frencileri ile bulu\u015fturuldu.  Te\u015fekk\u00fcr plaketi sunulan \u00f6\u011fretmene \u00e7i\u00e7ekler ve hediyeler takdim edildi. Ayten \u00f6\u011fretmen, &#8220;Eme\u011fi ge\u00e7en t\u00fcm \u00f6\u011fretmenlerimize te\u015fekk\u00fcr ediyorum. Bizler Mustafa Kemal Atat\u00fcrk\u2019\u00fcn yolunda y\u00fcr\u00fcd\u00fck sizlerde o yolda y\u00fcr\u00fcy\u00fcn y\u00fcr\u00fcmeye devam edin. Bu vesileyle b\u00fct\u00fcn \u00f6\u011fretmenlerimizin g\u00fcn\u00fcn\u00fc kutluyorum\u2019\u2019 diyerek duygular\u0131n\u0131 dile getirdi.<br \/><\/p>\n","protected":false},"excerpt":{"rendered":"<p>Mu\u011fla\u2019n\u0131n Marmaris il\u00e7esine ba\u011fl\u0131 \u00c7etibeli Mahallesi\u2019nde 1958 y\u0131l\u0131nda ilkokul \u00f6\u011fretmeni olarak g\u00f6reve ba\u015flayan Ayten Binay \u00d6zbek, o d\u00f6nem 7-8 ya\u015flar\u0131nda olan bug\u00fcn 70\u2019lerinde olan ilk \u00f6\u011frencileri ile \u00d6\u011fretmenler G\u00fcn\u00fc\u2019n\u00fc kutlad\u0131. Marmaris \u0130l\u00e7e Milli e\u011fitim M\u00fcd\u00fcr\u00fc Serap Aksel\u2019in de kat\u0131l\u0131m sa\u011flad\u0131\u011f\u0131 \u00c7etibeli \u0130lkokulu\u2019nda d\u00fczenlenen \u00d6\u011fretmenler G\u00fcn\u00fc program\u0131nda bug\u00fcn vefa dolu bir kutlama ya\u015fand\u0131. Aslen Marmarisli olan&#8230;<\/p>\n","protected":false},"author":1,"featured_media":69903,"comment_status":"open","ping_status":"open","sticky":false,"template":"","format":"standard","meta":{"_crdt_document":"","footnotes":""},"categories":[1],"tags":[],"class_list":["post-69902","post","type-post","status-publish","format-standard","has-post-thumbnail","hentry","category-guncel"],"_links":{"self":[{"href":"https:\/\/www.egemtv.com\/index.php?rest_route=\/wp\/v2\/posts\/69902","targetHints":{"allow":["GET"]}}],"collection":[{"href":"https:\/\/www.egemtv.com\/index.php?rest_route=\/wp\/v2\/posts"}],"about":[{"href":"https:\/\/www.egemtv.com\/index.php?rest_route=\/wp\/v2\/types\/post"}],"author":[{"embeddable":true,"href":"https:\/\/www.egemtv.com\/index.php?rest_route=\/wp\/v2\/users\/1"}],"replies":[{"embeddable":true,"href":"https:\/\/www.egemtv.com\/index.php?rest_route=%2Fwp%2Fv2%2Fcomments&post=69902"}],"version-history":[{"count":1,"href":"https:\/\/www.egemtv.com\/index.php?rest_route=\/wp\/v2\/posts\/69902\/revisions"}],"predecessor-version":[{"id":69904,"href":"https:\/\/www.egemtv.com\/index.php?rest_route=\/wp\/v2\/posts\/69902\/revisions\/69904"}],"wp:featuredmedia":[{"embeddable":true,"href":"https:\/\/www.egemtv.com\/index.php?rest_route=\/wp\/v2\/media\/69903"}],"wp:attachment":[{"href":"https:\/\/www.egemtv.com\/index.php?rest_route=%2Fwp%2Fv2%2Fmedia&parent=69902"}],"wp:term":[{"taxonomy":"category","embeddable":true,"href":"https:\/\/www.egemtv.com\/index.php?rest_route=%2Fwp%2Fv2%2Fcategories&post=69902"},{"taxonomy":"post_tag","embeddable":true,"href":"https:\/\/www.egemtv.com\/index.php?rest_route=%2Fwp%2Fv2%2Ftags&post=69902"}],"curies":[{"name":"wp","href":"https:\/\/api.w.org\/{rel}","templated":true}]}}