{"id":69899,"date":"2025-11-24T20:16:47","date_gmt":"2025-11-24T17:16:47","guid":{"rendered":"https:\/\/www.egemtv.com\/?p=69899"},"modified":"2025-11-24T20:16:48","modified_gmt":"2025-11-24T17:16:48","slug":"kutahyada-matematik-ogretmeni-evinde-olu-bulundu","status":"publish","type":"post","link":"https:\/\/www.egemtv.com\/?p=69899","title":{"rendered":"K\u00fctahya\u2019da matematik \u00f6\u011fretmeni evinde \u00f6l\u00fc bulundu"},"content":{"rendered":"<p>K\u00fctahya\u2019da matematik \u00f6\u011fretmeni evinde \u00f6l\u00fc bulundu.<br \/>\n<br \/>Edinilen bilgiye g\u00f6re, Atat\u00fcrk Anadolu Lisesi\u2019nde matematik \u00f6\u011fretmeni olarak g\u00f6rev yapan ve Atakent 75. Y\u0131l Mahallesi \u015eehit Turgut G\u00fcnd\u00fcz Caddesi\u2019nde ya\u015fayan Yusuf \u015eenay\u2019dan (59) haber alamayan \u00f6\u011fretmen arkada\u015flar\u0131, \u015f\u00fcphelenerek durumu 112 Acil \u00c7a\u011fr\u0131 Merkezi\u2019ne bildirdi. \u0130hbar \u00fczerine adrese giden ekipler, girdikleri dairede \u015eenay\u2019\u0131n cans\u0131z bedeniyle kar\u015f\u0131la\u015ft\u0131. Olay yeri inceleme ekiplerinin \u00e7al\u0131\u015fmas\u0131n\u0131 tamamlamas\u0131n\u0131n ard\u0131ndan Yusuf \u015eenay\u2019\u0131n cenazesi otopsi i\u00e7in hastane morguna kald\u0131r\u0131ld\u0131. \u00d6\u011fretmenin kalp krizi sonucu \u00f6ld\u00fc\u011f\u00fc tahmin edilirken, kesin \u00f6l\u00fcm nedeninin yap\u0131lacak otopsi sonucunda belli olaca\u011f\u0131 belirtildi.<br \/><\/p>\n","protected":false},"excerpt":{"rendered":"<p>K\u00fctahya\u2019da matematik \u00f6\u011fretmeni evinde \u00f6l\u00fc bulundu. Edinilen bilgiye g\u00f6re, Atat\u00fcrk Anadolu Lisesi\u2019nde matematik \u00f6\u011fretmeni olarak g\u00f6rev yapan ve Atakent 75. Y\u0131l Mahallesi \u015eehit Turgut G\u00fcnd\u00fcz Caddesi\u2019nde ya\u015fayan Yusuf \u015eenay\u2019dan (59) haber alamayan \u00f6\u011fretmen arkada\u015flar\u0131, \u015f\u00fcphelenerek durumu 112 Acil \u00c7a\u011fr\u0131 Merkezi\u2019ne bildirdi. \u0130hbar \u00fczerine adrese giden ekipler, girdikleri dairede \u015eenay\u2019\u0131n cans\u0131z bedeniyle kar\u015f\u0131la\u015ft\u0131. Olay yeri inceleme&#8230;<\/p>\n","protected":false},"author":1,"featured_media":69900,"comment_status":"open","ping_status":"open","sticky":false,"template":"","format":"standard","meta":{"_crdt_document":"","footnotes":""},"categories":[5],"tags":[],"class_list":["post-69899","post","type-post","status-publish","format-standard","has-post-thumbnail","hentry","category-asayis"],"_links":{"self":[{"href":"https:\/\/www.egemtv.com\/index.php?rest_route=\/wp\/v2\/posts\/69899","targetHints":{"allow":["GET"]}}],"collection":[{"href":"https:\/\/www.egemtv.com\/index.php?rest_route=\/wp\/v2\/posts"}],"about":[{"href":"https:\/\/www.egemtv.com\/index.php?rest_route=\/wp\/v2\/types\/post"}],"author":[{"embeddable":true,"href":"https:\/\/www.egemtv.com\/index.php?rest_route=\/wp\/v2\/users\/1"}],"replies":[{"embeddable":true,"href":"https:\/\/www.egemtv.com\/index.php?rest_route=%2Fwp%2Fv2%2Fcomments&post=69899"}],"version-history":[{"count":1,"href":"https:\/\/www.egemtv.com\/index.php?rest_route=\/wp\/v2\/posts\/69899\/revisions"}],"predecessor-version":[{"id":69901,"href":"https:\/\/www.egemtv.com\/index.php?rest_route=\/wp\/v2\/posts\/69899\/revisions\/69901"}],"wp:featuredmedia":[{"embeddable":true,"href":"https:\/\/www.egemtv.com\/index.php?rest_route=\/wp\/v2\/media\/69900"}],"wp:attachment":[{"href":"https:\/\/www.egemtv.com\/index.php?rest_route=%2Fwp%2Fv2%2Fmedia&parent=69899"}],"wp:term":[{"taxonomy":"category","embeddable":true,"href":"https:\/\/www.egemtv.com\/index.php?rest_route=%2Fwp%2Fv2%2Fcategories&post=69899"},{"taxonomy":"post_tag","embeddable":true,"href":"https:\/\/www.egemtv.com\/index.php?rest_route=%2Fwp%2Fv2%2Ftags&post=69899"}],"curies":[{"name":"wp","href":"https:\/\/api.w.org\/{rel}","templated":true}]}}