{"id":69896,"date":"2025-11-24T20:16:47","date_gmt":"2025-11-24T17:16:47","guid":{"rendered":"https:\/\/www.egemtv.com\/?p=69896"},"modified":"2025-11-24T20:16:47","modified_gmt":"2025-11-24T17:16:47","slug":"indirimli-suda-komisyon-ek-sure-istedi","status":"publish","type":"post","link":"https:\/\/www.egemtv.com\/?p=69896","title":{"rendered":"\u0130ndirimli suda komisyon ek s\u00fcre istedi"},"content":{"rendered":"<p>Ayd\u0131nl\u0131lar\u0131n bir s\u00fcredir merakla bekledi\u011fi su faturalar\u0131ndaki indirim beklentisi, su maliyetine ili\u015fkin bilgi ve belgelerin incelenmesinin mevcut s\u00fcre i\u00e7erisinde tamamlanamamas\u0131 sebebiyle 6 ay sonra yap\u0131lacak genel kurulda g\u00f6r\u00fc\u015f\u00fclmek \u00fczere ertelendi.<\/p>\n<p>Ayd\u0131n B\u00fcy\u00fck\u015fehir Belediye Meclisi\u2019nin 14 Kas\u0131m Cuma g\u00fcn\u00fc yap\u0131lan oturumunda CHP\u2019li meclis \u00fcyelerinin \u00f6nergesi ile suya y\u00fczde 50 indirim yap\u0131lmas\u0131 istenmi\u015fti. Gelen \u00f6nergeyi kabul eden Meclis Ba\u015fkan\u0131 \u00d6zlem \u00c7er\u00e7io\u011flu, y\u00fczde 70 indirim \u00f6nerisinde bulunurak \u00f6nergeyi g\u00f6r\u00fc\u015f\u00fclmek \u00fczere Plan ve B\u00fct\u00e7e Komisyonu\u2019na sevk etmi\u015fti. Komisyona sevk edilen \u00f6nergenin ard\u0131ndan Ayd\u0131nl\u0131lar al\u0131nacak karar\u0131 merakla beklerken, bug\u00fcn ger\u00e7ekle\u015ftirilen ASK\u0130 Genel Kurulu\u2019ndan karar \u00e7\u0131kt\u0131.<\/p>\n<p>Plan ve B\u00fct\u00e7e Komisyonu, 17 ve 23 Kas\u0131m tarihleri aras\u0131nda 5 kez yapt\u0131\u011f\u0131 toplant\u0131lar\u0131n ard\u0131ndan rapor olu\u015fturamazken, suyun maliyetinin yeniden hesaplanmas\u0131 gerekti\u011fini belirterek karar al\u0131namad\u0131\u011f\u0131n\u0131 kurula bildirdi. Suyun maliyetine ili\u015fkin bilgi ve belgelerin incelenmesinin mevcut s\u00fcre i\u00e7erisinde tamamlanamamas\u0131 sebebiyle Plan ve B\u00fct\u00e7e Komisyonu, indirim karar\u0131n\u0131n g\u00f6r\u00fc\u015f\u00fclmesi i\u00e7in ek s\u00fcre talep etti. Komisyon taraf\u0131ndan kurula sunulan talep, komisyondan geldi\u011fi \u015fekliyle oyland\u0131. Talep, 6 ay sonra yap\u0131lacak olan ASK\u0130 Genel Kurulu\u2019nda tekrar g\u00f6r\u00fc\u015f\u00fclmek \u00fczere oy birli\u011fi ile kabul edildi. Al\u0131nan kararla birlikte Ayd\u0131nl\u0131lar\u0131n indirimli su hayali de ileri bir tarihe ertelendi.<\/p>\n<p>&#8220;Suyun fiyat\u0131n\u0131 bir t\u00fcrl\u00fc indiremedik&#8221;<br \/>\n<br \/>Plan ve B\u00fct\u00e7e Komisyonu\u2019ndaki CHP\u2019li meclis \u00fcyeleri, suyun maliyetinin do\u011fru hesaplanmas\u0131 i\u00e7in ASK\u0130\u2019den istedikleri bilgi ve belgelerin kendilerine istenilen \u015fekilde ula\u015ft\u0131r\u0131lmad\u0131\u011f\u0131n\u0131 ileri s\u00fcrerek \u00f6nergeyi g\u00fcndeme almad\u0131klar\u0131n\u0131 ifade etti. AK Parti\u2019li meclis \u00fcyeleri ise CHP\u2019li meclis \u00fcyelerinin kendileri ile \u00e7eli\u015fti\u011fine vurgu yaparak \u2018hizmet engeli\u2019 vurgusu yapt\u0131. Kurulda k\u0131sa s\u00fcreli gerginlik ya\u015fan\u0131rken Ba\u015fkan \u00d6zlem \u00c7er\u00e7io\u011flu, al\u0131nan karara ili\u015fkin yapt\u0131\u011f\u0131 a\u00e7\u0131klamada, \u00f6nergeyi verenlerin kendilerinin oldu\u011funu ve komisyon \u00e7o\u011funlu\u011funun CHP\u2019de olmas\u0131na ra\u011fmen karar verilemedi\u011fini vurgulad\u0131. \u0130ndirimli su \u00f6nergesinin komisyonda tekrar incelenece\u011fini ifade eden Ba\u015fkan \u00c7er\u00e7io\u011flu; &#8220;Biz bunu g\u00f6r\u00fc\u015femedik, anlamad\u0131k, yapamad\u0131k dediler. Suyun fiyat\u0131n\u0131 bir t\u00fcrl\u00fc indiremedik. 6 ay sonra tekrar ASK\u0130 Genel Kurulu topland\u0131\u011f\u0131 zaman biz bunu Plan ve B\u00fct\u00e7e Komisyonu\u2019nda tekrar inceleyece\u011fiz. Bu oylad\u0131\u011f\u0131m\u0131z karar\u0131n anlam\u0131 budur&#8221; dedi.<br \/><\/p>\n","protected":false},"excerpt":{"rendered":"<p>Ayd\u0131nl\u0131lar\u0131n bir s\u00fcredir merakla bekledi\u011fi su faturalar\u0131ndaki indirim beklentisi, su maliyetine ili\u015fkin bilgi ve belgelerin incelenmesinin mevcut s\u00fcre i\u00e7erisinde tamamlanamamas\u0131 sebebiyle 6 ay sonra yap\u0131lacak genel kurulda g\u00f6r\u00fc\u015f\u00fclmek \u00fczere ertelendi. Ayd\u0131n B\u00fcy\u00fck\u015fehir Belediye Meclisi\u2019nin 14 Kas\u0131m Cuma g\u00fcn\u00fc yap\u0131lan oturumunda CHP\u2019li meclis \u00fcyelerinin \u00f6nergesi ile suya y\u00fczde 50 indirim yap\u0131lmas\u0131 istenmi\u015fti. Gelen \u00f6nergeyi kabul eden&#8230;<\/p>\n","protected":false},"author":1,"featured_media":69897,"comment_status":"open","ping_status":"open","sticky":false,"template":"","format":"standard","meta":{"_crdt_document":"","footnotes":""},"categories":[1],"tags":[],"class_list":["post-69896","post","type-post","status-publish","format-standard","has-post-thumbnail","hentry","category-guncel"],"_links":{"self":[{"href":"https:\/\/www.egemtv.com\/index.php?rest_route=\/wp\/v2\/posts\/69896","targetHints":{"allow":["GET"]}}],"collection":[{"href":"https:\/\/www.egemtv.com\/index.php?rest_route=\/wp\/v2\/posts"}],"about":[{"href":"https:\/\/www.egemtv.com\/index.php?rest_route=\/wp\/v2\/types\/post"}],"author":[{"embeddable":true,"href":"https:\/\/www.egemtv.com\/index.php?rest_route=\/wp\/v2\/users\/1"}],"replies":[{"embeddable":true,"href":"https:\/\/www.egemtv.com\/index.php?rest_route=%2Fwp%2Fv2%2Fcomments&post=69896"}],"version-history":[{"count":1,"href":"https:\/\/www.egemtv.com\/index.php?rest_route=\/wp\/v2\/posts\/69896\/revisions"}],"predecessor-version":[{"id":69898,"href":"https:\/\/www.egemtv.com\/index.php?rest_route=\/wp\/v2\/posts\/69896\/revisions\/69898"}],"wp:featuredmedia":[{"embeddable":true,"href":"https:\/\/www.egemtv.com\/index.php?rest_route=\/wp\/v2\/media\/69897"}],"wp:attachment":[{"href":"https:\/\/www.egemtv.com\/index.php?rest_route=%2Fwp%2Fv2%2Fmedia&parent=69896"}],"wp:term":[{"taxonomy":"category","embeddable":true,"href":"https:\/\/www.egemtv.com\/index.php?rest_route=%2Fwp%2Fv2%2Fcategories&post=69896"},{"taxonomy":"post_tag","embeddable":true,"href":"https:\/\/www.egemtv.com\/index.php?rest_route=%2Fwp%2Fv2%2Ftags&post=69896"}],"curies":[{"name":"wp","href":"https:\/\/api.w.org\/{rel}","templated":true}]}}