{"id":69893,"date":"2025-11-24T19:36:27","date_gmt":"2025-11-24T16:36:27","guid":{"rendered":"https:\/\/www.egemtv.com\/?p=69893"},"modified":"2025-11-24T19:36:28","modified_gmt":"2025-11-24T16:36:28","slug":"mtk-koleji-3-c-sinifi-velilerinden-anlamli-ogretmenler-gunu-hediyesi","status":"publish","type":"post","link":"https:\/\/www.egemtv.com\/?p=69893","title":{"rendered":"MTK Koleji 3-C s\u0131n\u0131f\u0131 velilerinden anlaml\u0131 \u00f6\u011fretmenler g\u00fcn\u00fc hediyesi"},"content":{"rendered":"<p>MTK Koleji 3-C s\u0131n\u0131f\u0131 velileri, \u00d6\u011fretmenler G\u00fcn\u00fc kapsam\u0131nda \u00f6\u011fretmenleri Aylin Bal ad\u0131na son derece anlaml\u0131 bir sosyal sorumluluk \u00e7al\u0131\u015fmas\u0131na imza att\u0131. Veliler, EGET Vakf\u0131 arac\u0131l\u0131\u011f\u0131yla bir \u00f6\u011frencinin bir y\u0131ll\u0131k \u00f6\u011frenim bursunu \u00fcstlenerek bu \u00f6zel g\u00fcn\u00fc iyilikle ta\u00e7land\u0131rd\u0131.<br \/>\n<br \/>E\u011fitime destek amac\u0131 ta\u015f\u0131yan bu ba\u011f\u0131\u015f, \u00f6\u011fretmenlik mesle\u011finin gelece\u011fe y\u00f6n veren de\u011ferini bir kez daha vurgularken, MTK Koleji ailesinin toplumsal duyarl\u0131l\u0131\u011f\u0131n\u0131 da g\u00f6zler \u00f6n\u00fcne serdi.<br \/>\n<br \/>MTK Kolejinden yap\u0131lan a\u00e7\u0131klamada, &#8220;MTK Koleji olarak, bu \u00f6rnek davran\u0131\u015f nedeniyle 3-C s\u0131n\u0131f\u0131 velilerimize te\u015fekk\u00fcr ediyor, e\u011fitime sunulan her katk\u0131n\u0131n yar\u0131nlar\u0131m\u0131z\u0131 ayd\u0131nlatt\u0131\u011f\u0131n\u0131 bir kez daha hat\u0131rlat\u0131yoruz&#8221; denildi.<br \/><\/p>\n","protected":false},"excerpt":{"rendered":"<p>MTK Koleji 3-C s\u0131n\u0131f\u0131 velileri, \u00d6\u011fretmenler G\u00fcn\u00fc kapsam\u0131nda \u00f6\u011fretmenleri Aylin Bal ad\u0131na son derece anlaml\u0131 bir sosyal sorumluluk \u00e7al\u0131\u015fmas\u0131na imza att\u0131. Veliler, EGET Vakf\u0131 arac\u0131l\u0131\u011f\u0131yla bir \u00f6\u011frencinin bir y\u0131ll\u0131k \u00f6\u011frenim bursunu \u00fcstlenerek bu \u00f6zel g\u00fcn\u00fc iyilikle ta\u00e7land\u0131rd\u0131. E\u011fitime destek amac\u0131 ta\u015f\u0131yan bu ba\u011f\u0131\u015f, \u00f6\u011fretmenlik mesle\u011finin gelece\u011fe y\u00f6n veren de\u011ferini bir kez daha vurgularken, MTK Koleji&#8230;<\/p>\n","protected":false},"author":1,"featured_media":69894,"comment_status":"open","ping_status":"open","sticky":false,"template":"","format":"standard","meta":{"_crdt_document":"","footnotes":""},"categories":[1],"tags":[],"class_list":["post-69893","post","type-post","status-publish","format-standard","has-post-thumbnail","hentry","category-guncel"],"_links":{"self":[{"href":"https:\/\/www.egemtv.com\/index.php?rest_route=\/wp\/v2\/posts\/69893","targetHints":{"allow":["GET"]}}],"collection":[{"href":"https:\/\/www.egemtv.com\/index.php?rest_route=\/wp\/v2\/posts"}],"about":[{"href":"https:\/\/www.egemtv.com\/index.php?rest_route=\/wp\/v2\/types\/post"}],"author":[{"embeddable":true,"href":"https:\/\/www.egemtv.com\/index.php?rest_route=\/wp\/v2\/users\/1"}],"replies":[{"embeddable":true,"href":"https:\/\/www.egemtv.com\/index.php?rest_route=%2Fwp%2Fv2%2Fcomments&post=69893"}],"version-history":[{"count":1,"href":"https:\/\/www.egemtv.com\/index.php?rest_route=\/wp\/v2\/posts\/69893\/revisions"}],"predecessor-version":[{"id":69895,"href":"https:\/\/www.egemtv.com\/index.php?rest_route=\/wp\/v2\/posts\/69893\/revisions\/69895"}],"wp:featuredmedia":[{"embeddable":true,"href":"https:\/\/www.egemtv.com\/index.php?rest_route=\/wp\/v2\/media\/69894"}],"wp:attachment":[{"href":"https:\/\/www.egemtv.com\/index.php?rest_route=%2Fwp%2Fv2%2Fmedia&parent=69893"}],"wp:term":[{"taxonomy":"category","embeddable":true,"href":"https:\/\/www.egemtv.com\/index.php?rest_route=%2Fwp%2Fv2%2Fcategories&post=69893"},{"taxonomy":"post_tag","embeddable":true,"href":"https:\/\/www.egemtv.com\/index.php?rest_route=%2Fwp%2Fv2%2Ftags&post=69893"}],"curies":[{"name":"wp","href":"https:\/\/api.w.org\/{rel}","templated":true}]}}