{"id":69668,"date":"2025-11-23T20:34:34","date_gmt":"2025-11-23T17:34:34","guid":{"rendered":"https:\/\/www.egemtv.com\/?p=69668"},"modified":"2025-11-23T20:34:35","modified_gmt":"2025-11-23T17:34:35","slug":"cesmede-derbi-mucadelesinde-gol-sesi-cikmadi","status":"publish","type":"post","link":"https:\/\/www.egemtv.com\/?p=69668","title":{"rendered":"\u00c7e\u015fme\u2019de derbi m\u00fccadelesinde gol sesi \u00e7\u0131kmad\u0131"},"content":{"rendered":"<p>\u0130zmir S\u00fcper Amat\u00f6r Lig E Grubu\u2019nda m\u00fccadele eden \u00c7e\u015fme\u2019nin iki tak\u0131m\u0131 \u00c7e\u015fme Belediyespor ve \u0130mren Ala\u00e7at\u0131spor aras\u0131ndaki derbi kar\u015f\u0131la\u015fmas\u0131 gols\u00fcz e\u015fitlikle tamamland\u0131.<br \/>\n<br \/>Ligin 9. haftas\u0131nda sahas\u0131nda \u0130mren Ala\u00e7at\u0131spor\u2019u konuk eden \u00c7e\u015fme Belediyespor\u2019un m\u00fcsabakas\u0131, geni\u015f g\u00fcvenlik \u00f6nlemleri alt\u0131nda oynand\u0131. G\u00fcvenlik tedbirleri gere\u011fi \u0130mren Ala\u00e7at\u0131spor taraftarlar\u0131 ma\u00e7a al\u0131nmazken, \u00c7e\u015fme Belediyespor taraftarlar\u0131 kimlik kayd\u0131 ve davetiye \u015fart\u0131yla, 750 ki\u015filik kontenjan dahilinde trib\u00fcndeki yerini alabildi.<br \/>\n<br \/>\u00c7e\u015fme Kaymakam\u0131 Mehmet Mara\u015fl\u0131, \u00c7e\u015fme Belediye Ba\u015fkan\u0131 Lal Denizli ve \u0130l\u00e7e Spor ve Gen\u00e7lik M\u00fcd\u00fcr\u00fc Nuri B\u00fcy\u00fckate\u015f\u2019in izledi\u011fi kar\u015f\u0131la\u015fman\u0131n ilk yar\u0131s\u0131nda her iki tak\u0131m da gol f\u0131rsatlar\u0131n\u0131 de\u011ferlendiremedi. Ma\u00e7\u0131n ikinci yar\u0131s\u0131nda da denge bozulmay\u0131nca dev derbi 0-0\u2019l\u0131k skorla sonu\u00e7land\u0131.<br \/>\n<br \/>Kar\u015f\u0131la\u015fma sonras\u0131 sahaya inen \u00c7e\u015fme Belediye Ba\u015fkan\u0131 Lal Denizli, her iki tak\u0131m\u0131n y\u00f6neticileri, teknik ekipleri ve futbolcular\u0131n\u0131 tebrik ederek ligin ikinci yar\u0131s\u0131nda ba\u015far\u0131lar diledi.<br \/>\n<br \/>Derbiden 1 puan \u00e7\u0131karan \u0130mren Ala\u00e7at\u0131spor, puan\u0131n\u0131 14\u2019e y\u00fckselterek ligde 4. s\u0131radaki yerini korudu. \u00c7e\u015fme Belediyespor ise 10 puanla 5. s\u0131rada haftay\u0131 tamamlad\u0131.<br \/><\/p>\n","protected":false},"excerpt":{"rendered":"<p>\u0130zmir S\u00fcper Amat\u00f6r Lig E Grubu\u2019nda m\u00fccadele eden \u00c7e\u015fme\u2019nin iki tak\u0131m\u0131 \u00c7e\u015fme Belediyespor ve \u0130mren Ala\u00e7at\u0131spor aras\u0131ndaki derbi kar\u015f\u0131la\u015fmas\u0131 gols\u00fcz e\u015fitlikle tamamland\u0131. Ligin 9. haftas\u0131nda sahas\u0131nda \u0130mren Ala\u00e7at\u0131spor\u2019u konuk eden \u00c7e\u015fme Belediyespor\u2019un m\u00fcsabakas\u0131, geni\u015f g\u00fcvenlik \u00f6nlemleri alt\u0131nda oynand\u0131. G\u00fcvenlik tedbirleri gere\u011fi \u0130mren Ala\u00e7at\u0131spor taraftarlar\u0131 ma\u00e7a al\u0131nmazken, \u00c7e\u015fme Belediyespor taraftarlar\u0131 kimlik kayd\u0131 ve davetiye \u015fart\u0131yla, 750&#8230;<\/p>\n","protected":false},"author":1,"featured_media":69669,"comment_status":"open","ping_status":"open","sticky":false,"template":"","format":"standard","meta":{"_crdt_document":"","footnotes":""},"categories":[4],"tags":[],"class_list":["post-69668","post","type-post","status-publish","format-standard","has-post-thumbnail","hentry","category-spor"],"_links":{"self":[{"href":"https:\/\/www.egemtv.com\/index.php?rest_route=\/wp\/v2\/posts\/69668","targetHints":{"allow":["GET"]}}],"collection":[{"href":"https:\/\/www.egemtv.com\/index.php?rest_route=\/wp\/v2\/posts"}],"about":[{"href":"https:\/\/www.egemtv.com\/index.php?rest_route=\/wp\/v2\/types\/post"}],"author":[{"embeddable":true,"href":"https:\/\/www.egemtv.com\/index.php?rest_route=\/wp\/v2\/users\/1"}],"replies":[{"embeddable":true,"href":"https:\/\/www.egemtv.com\/index.php?rest_route=%2Fwp%2Fv2%2Fcomments&post=69668"}],"version-history":[{"count":1,"href":"https:\/\/www.egemtv.com\/index.php?rest_route=\/wp\/v2\/posts\/69668\/revisions"}],"predecessor-version":[{"id":69670,"href":"https:\/\/www.egemtv.com\/index.php?rest_route=\/wp\/v2\/posts\/69668\/revisions\/69670"}],"wp:featuredmedia":[{"embeddable":true,"href":"https:\/\/www.egemtv.com\/index.php?rest_route=\/wp\/v2\/media\/69669"}],"wp:attachment":[{"href":"https:\/\/www.egemtv.com\/index.php?rest_route=%2Fwp%2Fv2%2Fmedia&parent=69668"}],"wp:term":[{"taxonomy":"category","embeddable":true,"href":"https:\/\/www.egemtv.com\/index.php?rest_route=%2Fwp%2Fv2%2Fcategories&post=69668"},{"taxonomy":"post_tag","embeddable":true,"href":"https:\/\/www.egemtv.com\/index.php?rest_route=%2Fwp%2Fv2%2Ftags&post=69668"}],"curies":[{"name":"wp","href":"https:\/\/api.w.org\/{rel}","templated":true}]}}