{"id":69665,"date":"2025-11-23T19:41:50","date_gmt":"2025-11-23T16:41:50","guid":{"rendered":"https:\/\/www.egemtv.com\/?p=69665"},"modified":"2025-11-23T19:41:50","modified_gmt":"2025-11-23T16:41:50","slug":"marmariste-olusan-hortum-kameraya-yansidi","status":"publish","type":"post","link":"https:\/\/www.egemtv.com\/?p=69665","title":{"rendered":"Marmaris\u2019te olu\u015fan hortum kameraya yans\u0131d\u0131"},"content":{"rendered":"<p>Mu\u011fla\u2019n\u0131n Marmaris il\u00e7esinde olu\u015fan hortum, vatanda\u015flar taraf\u0131ndan cep telefonu kameras\u0131yla kaydedildi.<br \/>\n<br \/>Bozburun Mahallesi\u2019nde deniz \u00fczerinde olu\u015fan hortum, b\u00f6lgede k\u0131sa s\u00fcreli tedirginli\u011fe yol a\u00e7t\u0131. Aniden belirip y\u00fckselen hortum vatanda\u015flar\u0131n cep telefonu kameras\u0131yla kaydedildi. G\u00f6r\u00fcnt\u00fclerde hortumun dakikalarca etkisini s\u00fcrd\u00fcrd\u00fc\u011f\u00fc g\u00f6r\u00fcl\u00fcrken, k\u0131y\u0131ya ula\u015fmadan da\u011f\u0131lan hortumun herhangi bir can veya mal kayb\u0131na neden olmad\u0131\u011f\u0131 \u00f6\u011frenildi.<br \/><\/p>\n","protected":false},"excerpt":{"rendered":"<p>Mu\u011fla\u2019n\u0131n Marmaris il\u00e7esinde olu\u015fan hortum, vatanda\u015flar taraf\u0131ndan cep telefonu kameras\u0131yla kaydedildi. Bozburun Mahallesi\u2019nde deniz \u00fczerinde olu\u015fan hortum, b\u00f6lgede k\u0131sa s\u00fcreli tedirginli\u011fe yol a\u00e7t\u0131. Aniden belirip y\u00fckselen hortum vatanda\u015flar\u0131n cep telefonu kameras\u0131yla kaydedildi. G\u00f6r\u00fcnt\u00fclerde hortumun dakikalarca etkisini s\u00fcrd\u00fcrd\u00fc\u011f\u00fc g\u00f6r\u00fcl\u00fcrken, k\u0131y\u0131ya ula\u015fmadan da\u011f\u0131lan hortumun herhangi bir can veya mal kayb\u0131na neden olmad\u0131\u011f\u0131 \u00f6\u011frenildi.<\/p>\n","protected":false},"author":1,"featured_media":69666,"comment_status":"open","ping_status":"open","sticky":false,"template":"","format":"standard","meta":{"_crdt_document":"","footnotes":""},"categories":[1],"tags":[],"class_list":["post-69665","post","type-post","status-publish","format-standard","has-post-thumbnail","hentry","category-guncel"],"_links":{"self":[{"href":"https:\/\/www.egemtv.com\/index.php?rest_route=\/wp\/v2\/posts\/69665","targetHints":{"allow":["GET"]}}],"collection":[{"href":"https:\/\/www.egemtv.com\/index.php?rest_route=\/wp\/v2\/posts"}],"about":[{"href":"https:\/\/www.egemtv.com\/index.php?rest_route=\/wp\/v2\/types\/post"}],"author":[{"embeddable":true,"href":"https:\/\/www.egemtv.com\/index.php?rest_route=\/wp\/v2\/users\/1"}],"replies":[{"embeddable":true,"href":"https:\/\/www.egemtv.com\/index.php?rest_route=%2Fwp%2Fv2%2Fcomments&post=69665"}],"version-history":[{"count":1,"href":"https:\/\/www.egemtv.com\/index.php?rest_route=\/wp\/v2\/posts\/69665\/revisions"}],"predecessor-version":[{"id":69667,"href":"https:\/\/www.egemtv.com\/index.php?rest_route=\/wp\/v2\/posts\/69665\/revisions\/69667"}],"wp:featuredmedia":[{"embeddable":true,"href":"https:\/\/www.egemtv.com\/index.php?rest_route=\/wp\/v2\/media\/69666"}],"wp:attachment":[{"href":"https:\/\/www.egemtv.com\/index.php?rest_route=%2Fwp%2Fv2%2Fmedia&parent=69665"}],"wp:term":[{"taxonomy":"category","embeddable":true,"href":"https:\/\/www.egemtv.com\/index.php?rest_route=%2Fwp%2Fv2%2Fcategories&post=69665"},{"taxonomy":"post_tag","embeddable":true,"href":"https:\/\/www.egemtv.com\/index.php?rest_route=%2Fwp%2Fv2%2Ftags&post=69665"}],"curies":[{"name":"wp","href":"https:\/\/api.w.org\/{rel}","templated":true}]}}