{"id":69662,"date":"2025-11-23T19:41:49","date_gmt":"2025-11-23T16:41:49","guid":{"rendered":"https:\/\/www.egemtv.com\/?p=69662"},"modified":"2025-11-23T19:41:50","modified_gmt":"2025-11-23T16:41:50","slug":"didim-belediyespor-soke-deplasmanindan-galibiyetle-cikti","status":"publish","type":"post","link":"https:\/\/www.egemtv.com\/?p=69662","title":{"rendered":"Didim Belediyespor, S\u00f6ke deplasman\u0131ndan galibiyetle \u00e7\u0131kt\u0131"},"content":{"rendered":"<p>TVF Kad\u0131nlar 2. Ligi 7. Grup 13. hafta m\u00fccadelesinde Didim Belediyespor, Didim Atat\u00fcrk Kapal\u0131 Spor Salonu\u2019nda kar\u015f\u0131la\u015ft\u0131\u011f\u0131 S\u00f6ke Belediyespor\u2019u 3-2 ma\u011flup etti.<\/p>\n<p>M\u00fccadele boyunca etkili servisleri, bloktaki ba\u015far\u0131s\u0131 ve h\u00fccum hatt\u0131nda ortaya koydu\u011fu tempolu oyunla \u00fcst\u00fcnl\u00fck sa\u011flayan Didim Belediyespor, sergiledi\u011fi performansla taraftarlardan alk\u0131\u015f ald\u0131. Oyunun genelinde disiplinli bir \u00e7izgi izleyen Didim Belediyespor, ald\u0131\u011f\u0131 galibiyetle haftay\u0131 avantajl\u0131 kapatt\u0131. Ma\u00e7\u0131 trib\u00fcnden takip eden Didim Belediye Ba\u015fkan\u0131 Hatice Gen\u00e7ay, kar\u015f\u0131la\u015fman\u0131n ard\u0131ndan sporcular ve teknik ekibi kutlayarak ba\u015far\u0131 dileklerini iletti.<br \/><\/p>\n","protected":false},"excerpt":{"rendered":"<p>TVF Kad\u0131nlar 2. Ligi 7. Grup 13. hafta m\u00fccadelesinde Didim Belediyespor, Didim Atat\u00fcrk Kapal\u0131 Spor Salonu\u2019nda kar\u015f\u0131la\u015ft\u0131\u011f\u0131 S\u00f6ke Belediyespor\u2019u 3-2 ma\u011flup etti. M\u00fccadele boyunca etkili servisleri, bloktaki ba\u015far\u0131s\u0131 ve h\u00fccum hatt\u0131nda ortaya koydu\u011fu tempolu oyunla \u00fcst\u00fcnl\u00fck sa\u011flayan Didim Belediyespor, sergiledi\u011fi performansla taraftarlardan alk\u0131\u015f ald\u0131. Oyunun genelinde disiplinli bir \u00e7izgi izleyen Didim Belediyespor, ald\u0131\u011f\u0131 galibiyetle haftay\u0131&#8230;<\/p>\n","protected":false},"author":1,"featured_media":69663,"comment_status":"open","ping_status":"open","sticky":false,"template":"","format":"standard","meta":{"_crdt_document":"","footnotes":""},"categories":[4],"tags":[],"class_list":["post-69662","post","type-post","status-publish","format-standard","has-post-thumbnail","hentry","category-spor"],"_links":{"self":[{"href":"https:\/\/www.egemtv.com\/index.php?rest_route=\/wp\/v2\/posts\/69662","targetHints":{"allow":["GET"]}}],"collection":[{"href":"https:\/\/www.egemtv.com\/index.php?rest_route=\/wp\/v2\/posts"}],"about":[{"href":"https:\/\/www.egemtv.com\/index.php?rest_route=\/wp\/v2\/types\/post"}],"author":[{"embeddable":true,"href":"https:\/\/www.egemtv.com\/index.php?rest_route=\/wp\/v2\/users\/1"}],"replies":[{"embeddable":true,"href":"https:\/\/www.egemtv.com\/index.php?rest_route=%2Fwp%2Fv2%2Fcomments&post=69662"}],"version-history":[{"count":1,"href":"https:\/\/www.egemtv.com\/index.php?rest_route=\/wp\/v2\/posts\/69662\/revisions"}],"predecessor-version":[{"id":69664,"href":"https:\/\/www.egemtv.com\/index.php?rest_route=\/wp\/v2\/posts\/69662\/revisions\/69664"}],"wp:featuredmedia":[{"embeddable":true,"href":"https:\/\/www.egemtv.com\/index.php?rest_route=\/wp\/v2\/media\/69663"}],"wp:attachment":[{"href":"https:\/\/www.egemtv.com\/index.php?rest_route=%2Fwp%2Fv2%2Fmedia&parent=69662"}],"wp:term":[{"taxonomy":"category","embeddable":true,"href":"https:\/\/www.egemtv.com\/index.php?rest_route=%2Fwp%2Fv2%2Fcategories&post=69662"},{"taxonomy":"post_tag","embeddable":true,"href":"https:\/\/www.egemtv.com\/index.php?rest_route=%2Fwp%2Fv2%2Ftags&post=69662"}],"curies":[{"name":"wp","href":"https:\/\/api.w.org\/{rel}","templated":true}]}}