{"id":69659,"date":"2025-11-23T19:14:39","date_gmt":"2025-11-23T16:14:39","guid":{"rendered":"https:\/\/www.egemtv.com\/?p=69659"},"modified":"2025-11-23T19:14:40","modified_gmt":"2025-11-23T16:14:40","slug":"sporseverler-nysa-antik-kentinde-bulustu","status":"publish","type":"post","link":"https:\/\/www.egemtv.com\/?p=69659","title":{"rendered":"Sporseverler Nysa Antik Kenti\u2019nde bulu\u015ftu"},"content":{"rendered":"<p>Ayd\u0131n B\u00fcy\u00fck\u015fehir Belediyesi\u2019nin Ayd\u0131n\u2019\u0131n tan\u0131t\u0131m\u0131na katk\u0131 sunan projeleri aras\u0131nda yer alan \u2019Run Nysa\u2019 ko\u015fu etkinli\u011fi, tarihin kalbinde b\u00fcy\u00fck bir co\u015fkuyla ger\u00e7ekle\u015ftirildi. Sultanhisar\u2019daki Nysa Antik Kenti\u2019nde d\u00fczenlenen yar\u0131\u015f, hem profesyonel sporcular\u0131n hem de sporsever vatanda\u015flar\u0131n yo\u011fun kat\u0131l\u0131m\u0131yla tamamland\u0131.<\/p>\n<p>5 ve 10 kilometrelik iki ayr\u0131 parkurda ger\u00e7ekle\u015fen ko\u015fuda, y\u00fczlerce sporcu antik kentin b\u00fcy\u00fcleyici atmosferinde yar\u0131\u015ft\u0131. Kat\u0131l\u0131mc\u0131lar, Nysa\u2019n\u0131n e\u015fsiz do\u011fas\u0131nda unutulmaz bir ko\u015fu deneyimi ya\u015farken ayn\u0131 zamanda Ayd\u0131n\u2019\u0131n k\u00fclt\u00fcrel zenginlikleriyle bulu\u015ftu. Etkinlik sonunda iki parkurda da dereceye giren sporcular i\u00e7in \u00f6d\u00fcl t\u00f6reni d\u00fczenlendi. 5 kilometre kad\u0131nlar kategorisinde Ebru Kaplan 1\u2019incilik \u00f6d\u00fcl\u00fcn\u00fcn sahibi olurken erkekler 1\u2019incisi ise Kerem Yar oldu. 10 kilometrelik etapta ise kad\u0131nlar kategorisinde 1\u2019inci \u00d6zlem \u00d6zg\u00fcn, erkekler de Osman Erkam \u015eafak oldu.<\/p>\n<p>Ayd\u0131n B\u00fcy\u00fck\u015fehir Belediye Ba\u015fkan\u0131 \u00d6zlem \u00c7er\u00e7io\u011flu, organizasyona kat\u0131lan t\u00fcm sporcular\u0131 tebrik ederek, &#8220;Nysa\u2019n\u0131n b\u00fcy\u00fcleyici atmosferinde b\u00f6yle bir organizasyonu hayata ge\u00e7irmek bizim i\u00e7in ayr\u0131 bir gurur. Bug\u00fcn sadece spor yap\u0131lmad\u0131; Ayd\u0131n\u2019\u0131n tarihi, k\u00fclt\u00fcr\u00fc ve do\u011fas\u0131yla i\u00e7 i\u00e7e \u00f6zel bir g\u00fcn ya\u015fand\u0131. Ayd\u0131n\u0131m\u0131z i\u00e7in \u00e7al\u0131\u015fmaya devam edece\u011fiz&#8221; ifadelerini kulland\u0131.<\/p>\n<p>B\u00f6lgenin tan\u0131t\u0131m\u0131na katk\u0131 sunan yar\u0131\u015f boyunca kat\u0131l\u0131mc\u0131lar, Nysa\u2019n\u0131n antik yap\u0131lar\u0131 aras\u0131nda ko\u015farak e\u015fsiz bir atmosferin par\u00e7as\u0131 oldu. Sultanhisar Belediye Ba\u015fkan\u0131 Osman Y\u0131ld\u0131r\u0131mkaya\u2019n\u0131n da kat\u0131ld\u0131\u011f\u0131 yar\u0131\u015f\u0131n sonunda sporculara ke\u015fkek ve meyve ikram\u0131nda bulunuldu.<\/p>\n<p>Run Nysa\u2019ya kat\u0131lan sporcular ve e\u015fsiz etkinli\u011fi takip etmek i\u00e7in alana gelen vatanda\u015flar, Ba\u015fkan \u00c7er\u00e7io\u011flu\u2019na te\u015fekk\u00fcr etti.<br \/><\/p>\n","protected":false},"excerpt":{"rendered":"<p>Ayd\u0131n B\u00fcy\u00fck\u015fehir Belediyesi\u2019nin Ayd\u0131n\u2019\u0131n tan\u0131t\u0131m\u0131na katk\u0131 sunan projeleri aras\u0131nda yer alan \u2019Run Nysa\u2019 ko\u015fu etkinli\u011fi, tarihin kalbinde b\u00fcy\u00fck bir co\u015fkuyla ger\u00e7ekle\u015ftirildi. Sultanhisar\u2019daki Nysa Antik Kenti\u2019nde d\u00fczenlenen yar\u0131\u015f, hem profesyonel sporcular\u0131n hem de sporsever vatanda\u015flar\u0131n yo\u011fun kat\u0131l\u0131m\u0131yla tamamland\u0131. 5 ve 10 kilometrelik iki ayr\u0131 parkurda ger\u00e7ekle\u015fen ko\u015fuda, y\u00fczlerce sporcu antik kentin b\u00fcy\u00fcleyici atmosferinde yar\u0131\u015ft\u0131. Kat\u0131l\u0131mc\u0131lar, Nysa\u2019n\u0131n&#8230;<\/p>\n","protected":false},"author":1,"featured_media":69660,"comment_status":"open","ping_status":"open","sticky":false,"template":"","format":"standard","meta":{"_crdt_document":"","footnotes":""},"categories":[4],"tags":[],"class_list":["post-69659","post","type-post","status-publish","format-standard","has-post-thumbnail","hentry","category-spor"],"_links":{"self":[{"href":"https:\/\/www.egemtv.com\/index.php?rest_route=\/wp\/v2\/posts\/69659","targetHints":{"allow":["GET"]}}],"collection":[{"href":"https:\/\/www.egemtv.com\/index.php?rest_route=\/wp\/v2\/posts"}],"about":[{"href":"https:\/\/www.egemtv.com\/index.php?rest_route=\/wp\/v2\/types\/post"}],"author":[{"embeddable":true,"href":"https:\/\/www.egemtv.com\/index.php?rest_route=\/wp\/v2\/users\/1"}],"replies":[{"embeddable":true,"href":"https:\/\/www.egemtv.com\/index.php?rest_route=%2Fwp%2Fv2%2Fcomments&post=69659"}],"version-history":[{"count":1,"href":"https:\/\/www.egemtv.com\/index.php?rest_route=\/wp\/v2\/posts\/69659\/revisions"}],"predecessor-version":[{"id":69661,"href":"https:\/\/www.egemtv.com\/index.php?rest_route=\/wp\/v2\/posts\/69659\/revisions\/69661"}],"wp:featuredmedia":[{"embeddable":true,"href":"https:\/\/www.egemtv.com\/index.php?rest_route=\/wp\/v2\/media\/69660"}],"wp:attachment":[{"href":"https:\/\/www.egemtv.com\/index.php?rest_route=%2Fwp%2Fv2%2Fmedia&parent=69659"}],"wp:term":[{"taxonomy":"category","embeddable":true,"href":"https:\/\/www.egemtv.com\/index.php?rest_route=%2Fwp%2Fv2%2Fcategories&post=69659"},{"taxonomy":"post_tag","embeddable":true,"href":"https:\/\/www.egemtv.com\/index.php?rest_route=%2Fwp%2Fv2%2Ftags&post=69659"}],"curies":[{"name":"wp","href":"https:\/\/api.w.org\/{rel}","templated":true}]}}