{"id":69653,"date":"2025-11-23T18:14:55","date_gmt":"2025-11-23T15:14:55","guid":{"rendered":"https:\/\/www.egemtv.com\/?p=69653"},"modified":"2025-11-23T18:14:56","modified_gmt":"2025-11-23T15:14:56","slug":"evlerde-geleneksel-pekmez-telasi","status":"publish","type":"post","link":"https:\/\/www.egemtv.com\/?p=69653","title":{"rendered":"Evlerde geleneksel pekmez tela\u015f\u0131"},"content":{"rendered":"<p>Manisa\u2019n\u0131n Sar\u0131g\u00f6l il\u00e7esinde 2025 y\u0131l\u0131 Sultaniye \u00fcz\u00fcmlerinden yap\u0131lan pekmez haz\u0131rl\u0131klar\u0131 yo\u011fun \u015fekilde devam ediyor. Ba\u011flardan toplanan se\u00e7me ve kaliteli \u00fcz\u00fcmler, evlerde imece usul\u00fc ile i\u015flenerek b\u00fcy\u00fck kazanlarda saatlerce kaynat\u0131l\u0131yor.<br \/>\n<br \/>K\u0131\u015f aylar\u0131nda \u00f6zellikle sabah kahvalt\u0131lar\u0131nda t\u00fcketilen pekmezler, ihtiya\u00e7 fazlas\u0131 oldu\u011funda \u00f6zel sipari\u015fle sat\u0131l\u0131yor. Evlerde \u00f6zenle haz\u0131rlanan pekmez \u00fcretimi s\u0131ras\u0131nda adeta mahalle dayan\u0131\u015fmas\u0131 ya\u015fand\u0131\u011f\u0131n\u0131 anlatan Sar\u0131g\u00f6ll\u00fc kad\u0131nlar, s\u00fcreci \u015fu s\u00f6zlerle ifade etti:<br \/>\n<br \/>&#8220;\u00dcz\u00fcmleri iyice y\u0131kad\u0131ktan sonra \u00e7uvallara koyuyoruz. Erkekler \u00e7uvallar\u0131n i\u00e7indeki \u00fcz\u00fcmleri ayaklar\u0131yla ezerek \u00fcz\u00fcm suyunu \u00e7\u0131kar\u0131yor. Elde edilen \u015f\u0131ra, b\u00fcy\u00fck kazanlarda saatlerce kaynat\u0131larak pekmeze d\u00f6n\u00fc\u015ft\u00fcr\u00fcl\u00fcyor. Daha sonra \u015fi\u015felere doldurup g\u00fcne\u015f g\u00f6rmeyen yerlerde k\u0131\u015f i\u00e7in sakl\u0131yoruz.&#8221;<br \/>\n<br \/>Sar\u0131g\u00f6l\u2019de bu y\u0131l ev yap\u0131m\u0131 pekmezin litre fiyat\u0131n\u0131n 400 ile 500 lira aras\u0131nda de\u011fi\u015fti\u011fi \u00f6\u011frenildi. Vitamin ve mineral a\u00e7\u0131s\u0131ndan zengin olan pekmez, sade olarak t\u00fcketilebildi\u011fi gibi tahinle kar\u0131\u015ft\u0131r\u0131larak da tercih ediliyor. Ayr\u0131ca pekmezle evlerde kek ve \u00e7e\u015fitli tatl\u0131lar\u0131n yap\u0131ld\u0131\u011f\u0131 belirtildi.<br \/><\/p>\n","protected":false},"excerpt":{"rendered":"<p>Manisa\u2019n\u0131n Sar\u0131g\u00f6l il\u00e7esinde 2025 y\u0131l\u0131 Sultaniye \u00fcz\u00fcmlerinden yap\u0131lan pekmez haz\u0131rl\u0131klar\u0131 yo\u011fun \u015fekilde devam ediyor. Ba\u011flardan toplanan se\u00e7me ve kaliteli \u00fcz\u00fcmler, evlerde imece usul\u00fc ile i\u015flenerek b\u00fcy\u00fck kazanlarda saatlerce kaynat\u0131l\u0131yor. K\u0131\u015f aylar\u0131nda \u00f6zellikle sabah kahvalt\u0131lar\u0131nda t\u00fcketilen pekmezler, ihtiya\u00e7 fazlas\u0131 oldu\u011funda \u00f6zel sipari\u015fle sat\u0131l\u0131yor. Evlerde \u00f6zenle haz\u0131rlanan pekmez \u00fcretimi s\u0131ras\u0131nda adeta mahalle dayan\u0131\u015fmas\u0131 ya\u015fand\u0131\u011f\u0131n\u0131 anlatan Sar\u0131g\u00f6ll\u00fc kad\u0131nlar,&#8230;<\/p>\n","protected":false},"author":1,"featured_media":69654,"comment_status":"open","ping_status":"open","sticky":false,"template":"","format":"standard","meta":{"_crdt_document":"","footnotes":""},"categories":[125],"tags":[],"class_list":["post-69653","post","type-post","status-publish","format-standard","has-post-thumbnail","hentry","category-ekonomi"],"_links":{"self":[{"href":"https:\/\/www.egemtv.com\/index.php?rest_route=\/wp\/v2\/posts\/69653","targetHints":{"allow":["GET"]}}],"collection":[{"href":"https:\/\/www.egemtv.com\/index.php?rest_route=\/wp\/v2\/posts"}],"about":[{"href":"https:\/\/www.egemtv.com\/index.php?rest_route=\/wp\/v2\/types\/post"}],"author":[{"embeddable":true,"href":"https:\/\/www.egemtv.com\/index.php?rest_route=\/wp\/v2\/users\/1"}],"replies":[{"embeddable":true,"href":"https:\/\/www.egemtv.com\/index.php?rest_route=%2Fwp%2Fv2%2Fcomments&post=69653"}],"version-history":[{"count":1,"href":"https:\/\/www.egemtv.com\/index.php?rest_route=\/wp\/v2\/posts\/69653\/revisions"}],"predecessor-version":[{"id":69655,"href":"https:\/\/www.egemtv.com\/index.php?rest_route=\/wp\/v2\/posts\/69653\/revisions\/69655"}],"wp:featuredmedia":[{"embeddable":true,"href":"https:\/\/www.egemtv.com\/index.php?rest_route=\/wp\/v2\/media\/69654"}],"wp:attachment":[{"href":"https:\/\/www.egemtv.com\/index.php?rest_route=%2Fwp%2Fv2%2Fmedia&parent=69653"}],"wp:term":[{"taxonomy":"category","embeddable":true,"href":"https:\/\/www.egemtv.com\/index.php?rest_route=%2Fwp%2Fv2%2Fcategories&post=69653"},{"taxonomy":"post_tag","embeddable":true,"href":"https:\/\/www.egemtv.com\/index.php?rest_route=%2Fwp%2Fv2%2Ftags&post=69653"}],"curies":[{"name":"wp","href":"https:\/\/api.w.org\/{rel}","templated":true}]}}