{"id":69650,"date":"2025-11-23T18:14:55","date_gmt":"2025-11-23T15:14:55","guid":{"rendered":"https:\/\/www.egemtv.com\/?p=69650"},"modified":"2025-11-23T18:14:55","modified_gmt":"2025-11-23T15:14:55","slug":"yusuf-sezai-sevil-anisina-kutahyada-hatira-ormani-olusturuldu","status":"publish","type":"post","link":"https:\/\/www.egemtv.com\/?p=69650","title":{"rendered":"Yusuf Sezai Sevil an\u0131s\u0131na K\u00fctahya\u2019da hat\u0131ra orman\u0131 olu\u015fturuldu"},"content":{"rendered":"<p>K\u00fctahya\u2019da 5 Kas\u0131m\u2019da vefat eden AK Parti Merkez \u0130l\u00e7e Ba\u015fkan Yard\u0131mc\u0131s\u0131 Yusuf Sezai Sevil an\u0131s\u0131na Saka k\u00f6y\u00fc yak\u0131nlar\u0131nda hat\u0131ra orman\u0131 olu\u015fturuldu.<br \/>\n<br \/>Saka k\u00f6y\u00fc yak\u0131nlar\u0131nda AK Parti Merkez \u0130l\u00e7e Ba\u015fkan Yard\u0131mc\u0131s\u0131 Yusuf Sezai Sevil an\u0131s\u0131na kurulan hat\u0131ra orman\u0131nda, 400 kara\u00e7am fidan\u0131 toprakla bulu\u015fturuldu. Programda konu\u015fan AK Parti K\u00fctahya Milletvekili \u0130smail \u00c7a\u011flar Bay\u0131rc\u0131, Yusuf Sezai Sevil\u2019in te\u015fkilat i\u00e7in \u00f6nemli bir isim oldu\u011funu vurgulayarak, &#8220;Bug\u00fcn burada te\u015fkilat\u0131m\u0131z\u0131n ge\u00e7ti\u011fimiz g\u00fcnlerde kaybetti\u011fimiz, samimiyeti, ihlas\u0131 ve dava bilinciyle \u00f6rnek ald\u0131\u011f\u0131m\u0131z Yusuf Sezai Sevil a\u011fabeyimiz ad\u0131na hat\u0131ra orman\u0131 olu\u015fturmak i\u00e7in bir araya geldik. Merkez \u0130l\u00e7e Ba\u015fkan\u0131m\u0131z ve y\u00f6netimimizin ald\u0131\u011f\u0131 bu g\u00fczel karardan dolay\u0131 Allah raz\u0131 olsun. Bulundu\u011fumuz alan daha \u00f6nce orman yang\u0131n\u0131 ya\u015fam\u0131\u015f bir b\u00f6lge. Buraya 400 kara\u00e7am fidan\u0131 dikerek hem do\u011faya katk\u0131 sa\u011fl\u0131yor hem de Yusuf a\u011fabeyimizin ad\u0131n\u0131 ya\u015fat\u0131yoruz. O, hayat\u0131 boyunca insanlara faydal\u0131 oldu. Rabbim onu cennetine kabul etsin. Burada dikti\u011fimiz a\u011fa\u00e7lardan ku\u015flar\u0131n, insanlar\u0131n faydalanmas\u0131yla olu\u015facak sevaplar\u0131n da onun hanesine yaz\u0131lmas\u0131n\u0131 diliyorum. Ailesine, e\u015fine ve \u00e7ocuklar\u0131na tekrar sab\u0131r diliyorum. Mek\u00e2n\u0131 cennet olsun&#8221; dedi.<\/p>\n<p>Ba\u015fkan Af\u015far\u00fcnal: &#8220;400 fidanla hat\u0131ras\u0131n\u0131 ya\u015fat\u0131yoruz&#8221;<br \/>\n<br \/>AK Parti K\u00fctahya Merkez \u0130l\u00e7e Ba\u015fkan\u0131 Murat Af\u015far\u00fcnal ise konu\u015fmas\u0131nda \u015fu ifadeleri kulland\u0131:<br \/>\n<br \/>&#8220;5 Kas\u0131m g\u00fcn\u00fc kaybetti\u011fimiz Merkez \u0130l\u00e7e Ba\u015fkan Yard\u0131mc\u0131m\u0131z Yusuf Sezai Sevil\u2019in an\u0131s\u0131na bug\u00fcn 400 fidan diktik. Hat\u0131ra orman\u0131n\u0131n olu\u015fmas\u0131nda bizlere destek veren Orman B\u00f6lge M\u00fcd\u00fcrl\u00fc\u011f\u00fcm\u00fcze te\u015fekk\u00fcr ederiz. Rabbim mekan\u0131n\u0131 cennet eylesin.&#8221;<br \/>\n<br \/>Programa AK Parti K\u00fctahya Milletvekili \u0130smail \u00c7a\u011flar Bay\u0131rc\u0131, AK Parti Merkez \u0130l\u00e7e Ba\u015fkan\u0131 Murat Af\u015far\u00fcnal, Sevil ailesi ve te\u015fkilat mensuplar\u0131 kat\u0131ld\u0131.<br \/><\/p>\n","protected":false},"excerpt":{"rendered":"<p>K\u00fctahya\u2019da 5 Kas\u0131m\u2019da vefat eden AK Parti Merkez \u0130l\u00e7e Ba\u015fkan Yard\u0131mc\u0131s\u0131 Yusuf Sezai Sevil an\u0131s\u0131na Saka k\u00f6y\u00fc yak\u0131nlar\u0131nda hat\u0131ra orman\u0131 olu\u015fturuldu. Saka k\u00f6y\u00fc yak\u0131nlar\u0131nda AK Parti Merkez \u0130l\u00e7e Ba\u015fkan Yard\u0131mc\u0131s\u0131 Yusuf Sezai Sevil an\u0131s\u0131na kurulan hat\u0131ra orman\u0131nda, 400 kara\u00e7am fidan\u0131 toprakla bulu\u015fturuldu. Programda konu\u015fan AK Parti K\u00fctahya Milletvekili \u0130smail \u00c7a\u011flar Bay\u0131rc\u0131, Yusuf Sezai Sevil\u2019in te\u015fkilat&#8230;<\/p>\n","protected":false},"author":1,"featured_media":69651,"comment_status":"open","ping_status":"open","sticky":false,"template":"","format":"standard","meta":{"_crdt_document":"","footnotes":""},"categories":[1],"tags":[],"class_list":["post-69650","post","type-post","status-publish","format-standard","has-post-thumbnail","hentry","category-guncel"],"_links":{"self":[{"href":"https:\/\/www.egemtv.com\/index.php?rest_route=\/wp\/v2\/posts\/69650","targetHints":{"allow":["GET"]}}],"collection":[{"href":"https:\/\/www.egemtv.com\/index.php?rest_route=\/wp\/v2\/posts"}],"about":[{"href":"https:\/\/www.egemtv.com\/index.php?rest_route=\/wp\/v2\/types\/post"}],"author":[{"embeddable":true,"href":"https:\/\/www.egemtv.com\/index.php?rest_route=\/wp\/v2\/users\/1"}],"replies":[{"embeddable":true,"href":"https:\/\/www.egemtv.com\/index.php?rest_route=%2Fwp%2Fv2%2Fcomments&post=69650"}],"version-history":[{"count":1,"href":"https:\/\/www.egemtv.com\/index.php?rest_route=\/wp\/v2\/posts\/69650\/revisions"}],"predecessor-version":[{"id":69652,"href":"https:\/\/www.egemtv.com\/index.php?rest_route=\/wp\/v2\/posts\/69650\/revisions\/69652"}],"wp:featuredmedia":[{"embeddable":true,"href":"https:\/\/www.egemtv.com\/index.php?rest_route=\/wp\/v2\/media\/69651"}],"wp:attachment":[{"href":"https:\/\/www.egemtv.com\/index.php?rest_route=%2Fwp%2Fv2%2Fmedia&parent=69650"}],"wp:term":[{"taxonomy":"category","embeddable":true,"href":"https:\/\/www.egemtv.com\/index.php?rest_route=%2Fwp%2Fv2%2Fcategories&post=69650"},{"taxonomy":"post_tag","embeddable":true,"href":"https:\/\/www.egemtv.com\/index.php?rest_route=%2Fwp%2Fv2%2Ftags&post=69650"}],"curies":[{"name":"wp","href":"https:\/\/api.w.org\/{rel}","templated":true}]}}