{"id":69647,"date":"2025-11-23T18:14:54","date_gmt":"2025-11-23T15:14:54","guid":{"rendered":"https:\/\/www.egemtv.com\/?p=69647"},"modified":"2025-11-23T18:14:54","modified_gmt":"2025-11-23T15:14:54","slug":"baskan-gunel-kusadasina-turizm-yatirimi-icin-pay-ayrilmadigini-acikladi","status":"publish","type":"post","link":"https:\/\/www.egemtv.com\/?p=69647","title":{"rendered":"Ba\u015fkan G\u00fcnel, Ku\u015fadas\u0131\u2019na turizm yat\u0131r\u0131m\u0131 i\u00e7in pay ayr\u0131lmad\u0131\u011f\u0131n\u0131 a\u00e7\u0131klad\u0131"},"content":{"rendered":"<p>Ku\u015fadas\u0131 Belediye Ba\u015fkan\u0131 \u00d6mer G\u00fcnel, Ayd\u0131n B\u00fcy\u00fck\u015fehir Belediyesi\u2019nin 2026 y\u0131l\u0131nda Ku\u015fadas\u0131\u2019na ay\u0131rd\u0131\u011f\u0131 b\u00fct\u00e7ede, turizm yat\u0131r\u0131mlar\u0131yla ilgili herhangi bir pay olmad\u0131\u011f\u0131n\u0131 a\u00e7\u0131klad\u0131.<\/p>\n<p>Ba\u015fkan G\u00fcnel, 18\u2019inci medya bulu\u015fmalar\u0131 kapsam\u0131nda Ayd\u0131n\u2019daki ulusal ve yerel medya temsilcileriyle bir araya geldi. D\u00fczenlenen bas\u0131n toplant\u0131s\u0131nda Ba\u015fkan \u00d6mer G\u00fcnel gazetecilerden g\u00fcndeme ili\u015fkin gelen sorular\u0131 yan\u0131tlad\u0131.<\/p>\n<p>Toplant\u0131da turizm sezonuyla ilgili bir de\u011ferlendirme yapan Ba\u015fkan G\u00fcnel, &#8220;Bu y\u0131l \u00f6zellikle kruvaziyer turizminde kentimize yap\u0131lan sefer ile gelen yolcu say\u0131s\u0131nda \u00f6nemli bir art\u0131\u015f ya\u015fand\u0131. Buradan \u00f6n\u00fcm\u00fczdeki y\u0131l \u0130ngiliz pazar\u0131ndan Ku\u015fadas\u0131\u2019n\u0131n alaca\u011f\u0131 pay\u0131nda y\u00fckselece\u011fini belirtmek istiyorum. Biz g\u00f6reve geldi\u011fimiz g\u00fcnden itibaren kentimizde \u00f6nemli yat\u0131r\u0131mlar yapt\u0131k. Turistlerin en s\u0131k ziyaret etti\u011fi turistik \u00e7ar\u015f\u0131lar\u0131m\u0131z\u0131 yeniledik. Ku\u015fadas\u0131\u2019na \u00e7ok \u00f6nemli k\u00fclt\u00fcrel rotalar kazand\u0131rd\u0131k. Turizmle ilgili yat\u0131r\u0131mlar\u0131m\u0131z devam edecek&#8221; dedi.<\/p>\n<p>Ayd\u0131n B\u00fcy\u00fck\u015fehir Belediyesi\u2019nin parti ayr\u0131m\u0131 g\u00f6zetmeksizin t\u00fcm il\u00e7elere adil bir \u015fekilde yat\u0131r\u0131m yapmas\u0131 gerekti\u011fine de dikkat \u00e7eken Ba\u015fkan \u00d6mer G\u00fcnel, &#8220;Ancak bu \u015feffafl\u0131\u011f\u0131 \u015fu an meclis g\u00fcndemine gelen b\u00fct\u00e7ede g\u00f6rm\u00fcyoruz. Sordu\u011fumuzda net cevaplar alam\u0131yoruz. Kamuoyuna yap\u0131lan bir a\u00e7\u0131klama da yok. Eskiden beri yap\u0131lm\u0131\u015f olan yat\u0131r\u0131mlar\u0131n rakamlar\u0131n\u0131 g\u00fcncelleyip, \u00f6n\u00fcm\u00fcze koyuyorlar. Mesela 2026 b\u00fct\u00e7esinde turizm kenti olan Ku\u015fadas\u0131\u2019nda turizm yat\u0131r\u0131m\u0131yla alakal\u0131 ayr\u0131lm\u0131\u015f en ufak bir pay bile yok. 2025 y\u0131l\u0131nda da Ayd\u0131n B\u00fcy\u00fck\u015fehir Belediyesi Ku\u015fadas\u0131\u2019na turizm yat\u0131r\u0131m\u0131 yapmad\u0131. 17 il\u00e7eden adil bir \u015fekilde pay alan Ayd\u0131n B\u00fcy\u00fck\u015fehir Belediyesi, yine 17 il\u00e7eye adil bir \u015fekilde b\u00fct\u00e7esini payla\u015ft\u0131rmal\u0131 ve bunu da kamuoyu ile payla\u015fmal\u0131. Oturdu\u011fumuz koltuklar halka hizmet i\u00e7in var&#8221; diye konu\u015ftu.<br \/><\/p>\n","protected":false},"excerpt":{"rendered":"<p>Ku\u015fadas\u0131 Belediye Ba\u015fkan\u0131 \u00d6mer G\u00fcnel, Ayd\u0131n B\u00fcy\u00fck\u015fehir Belediyesi\u2019nin 2026 y\u0131l\u0131nda Ku\u015fadas\u0131\u2019na ay\u0131rd\u0131\u011f\u0131 b\u00fct\u00e7ede, turizm yat\u0131r\u0131mlar\u0131yla ilgili herhangi bir pay olmad\u0131\u011f\u0131n\u0131 a\u00e7\u0131klad\u0131. Ba\u015fkan G\u00fcnel, 18\u2019inci medya bulu\u015fmalar\u0131 kapsam\u0131nda Ayd\u0131n\u2019daki ulusal ve yerel medya temsilcileriyle bir araya geldi. D\u00fczenlenen bas\u0131n toplant\u0131s\u0131nda Ba\u015fkan \u00d6mer G\u00fcnel gazetecilerden g\u00fcndeme ili\u015fkin gelen sorular\u0131 yan\u0131tlad\u0131. Toplant\u0131da turizm sezonuyla ilgili bir de\u011ferlendirme yapan&#8230;<\/p>\n","protected":false},"author":1,"featured_media":69648,"comment_status":"open","ping_status":"open","sticky":false,"template":"","format":"standard","meta":{"_crdt_document":"","footnotes":""},"categories":[127],"tags":[],"class_list":["post-69647","post","type-post","status-publish","format-standard","has-post-thumbnail","hentry","category-siyaset"],"_links":{"self":[{"href":"https:\/\/www.egemtv.com\/index.php?rest_route=\/wp\/v2\/posts\/69647","targetHints":{"allow":["GET"]}}],"collection":[{"href":"https:\/\/www.egemtv.com\/index.php?rest_route=\/wp\/v2\/posts"}],"about":[{"href":"https:\/\/www.egemtv.com\/index.php?rest_route=\/wp\/v2\/types\/post"}],"author":[{"embeddable":true,"href":"https:\/\/www.egemtv.com\/index.php?rest_route=\/wp\/v2\/users\/1"}],"replies":[{"embeddable":true,"href":"https:\/\/www.egemtv.com\/index.php?rest_route=%2Fwp%2Fv2%2Fcomments&post=69647"}],"version-history":[{"count":1,"href":"https:\/\/www.egemtv.com\/index.php?rest_route=\/wp\/v2\/posts\/69647\/revisions"}],"predecessor-version":[{"id":69649,"href":"https:\/\/www.egemtv.com\/index.php?rest_route=\/wp\/v2\/posts\/69647\/revisions\/69649"}],"wp:featuredmedia":[{"embeddable":true,"href":"https:\/\/www.egemtv.com\/index.php?rest_route=\/wp\/v2\/media\/69648"}],"wp:attachment":[{"href":"https:\/\/www.egemtv.com\/index.php?rest_route=%2Fwp%2Fv2%2Fmedia&parent=69647"}],"wp:term":[{"taxonomy":"category","embeddable":true,"href":"https:\/\/www.egemtv.com\/index.php?rest_route=%2Fwp%2Fv2%2Fcategories&post=69647"},{"taxonomy":"post_tag","embeddable":true,"href":"https:\/\/www.egemtv.com\/index.php?rest_route=%2Fwp%2Fv2%2Ftags&post=69647"}],"curies":[{"name":"wp","href":"https:\/\/api.w.org\/{rel}","templated":true}]}}