{"id":69635,"date":"2025-11-23T17:54:42","date_gmt":"2025-11-23T14:54:42","guid":{"rendered":"https:\/\/www.egemtv.com\/?p=69635"},"modified":"2025-11-23T17:54:42","modified_gmt":"2025-11-23T14:54:42","slug":"baskan-gunel-mezarlik-ve-ilaclama-hizmetleriyle-ilgili-konustu-teklifimizin-arkasindayiz","status":"publish","type":"post","link":"https:\/\/www.egemtv.com\/?p=69635","title":{"rendered":"Ba\u015fkan G\u00fcnel mezarl\u0131k ve ila\u00e7lama hizmetleriyle ilgili konu\u015ftu: \u2019Teklifimizin arkas\u0131nday\u0131z\u2019"},"content":{"rendered":"<p>Ku\u015fadas\u0131 Belediye Ba\u015fkan\u0131 \u00d6mer G\u00fcnel, 18\u2019inci medya bulu\u015fmalar\u0131 kapsam\u0131nda Ayd\u0131n\u2019daki ulusal ve yerel medya temsilcileriyle bir araya geldi.<\/p>\n<p>Bas\u0131n toplant\u0131s\u0131nda Ba\u015fkan G\u00fcnel gazetecilerden gelen sorular\u0131 yan\u0131tlad\u0131. G\u00fcndeme ili\u015fkin konulardan mezarl\u0131k ve ila\u00e7lama hizmetleriyle ilgili de a\u00e7\u0131klamada bulunan Ba\u015fkan G\u00fcnel, &#8220;Mezarl\u0131k ve ila\u00e7lama hizmetlerinin Ayd\u0131n B\u00fcy\u00fck\u015fehir Belediyesi taraf\u0131ndan yap\u0131lmas\u0131 konusunda CHP grubu olarak \u00f6nerge verdik. Komisyon raporunun Pazartesi g\u00fcn\u00fc ger\u00e7ekle\u015ftirilecek olan Ayd\u0131n B\u00fcy\u00fck\u015fehir Belediye Meclis Toplant\u0131s\u0131\u2019na gelmesi gerekir. Teklifimizin arkas\u0131nday\u0131z&#8221; dedi.<\/p>\n<p>\u0130la\u00e7lama ve mezarl\u0131k hizmetlerinin Ayd\u0131n B\u00fcy\u00fck\u015fehir Belediyesi\u2019nin yetki alan\u0131nda olmas\u0131na ra\u011fmen 2014 y\u0131l\u0131nda g\u00f6revin il\u00e7e belediyelerine devredildi\u011fini hat\u0131rlatan Ba\u015fkan \u00d6mer G\u00fcnel, &#8220;\u00d6zellikle ila\u00e7lama devredilebilir bir yetki de\u011fil. B\u00fcy\u00fck\u015fehir Belediyesi\u2019nin vermesi gereken bir hizmet ama maalesef 2014 y\u0131l\u0131nda devredilmi\u015f. Biz de Ayd\u0131n B\u00fcy\u00fck\u015fehir Belediyesi ile i\u015fbirli\u011fi i\u00e7inde olmak i\u00e7in kimin yetkisinde diye hi\u00e7 birimiz bakmad\u0131k. Ama bu il\u00e7e belediyeleri \u00fczerinde \u00e7ok ciddi bir y\u00fckt\u00fcr. As\u0131l yetkili olan Ayd\u0131n B\u00fcy\u00fck\u015fehir Belediyesi yapmal\u0131d\u0131r&#8221; diye konu\u015ftu.<\/p>\n<p>Mezarl\u0131k ve ila\u00e7lama hizmetlerinin t\u00fcm b\u00fcy\u00fck\u015fehirlerde, b\u00fcy\u00fck\u015fehir belediyeleri taraf\u0131ndan yap\u0131ld\u0131\u011f\u0131na dikkat \u00e7eken \u00d6mer G\u00fcnel, &#8220;Mezarl\u0131klarla ilgili de y\u0131llard\u0131r \u00e7ok ciddi faaliyet y\u00fcr\u00fct\u00fcyoruz ve bu \u00e7ok b\u00fcy\u00fck maliyettir. Bu g\u00f6revin de t\u00fcm b\u00fcy\u00fck\u015fehirlerde oldu\u011fu gibi Ayd\u0131n\u2019da da Ayd\u0131n B\u00fcy\u00fck\u015fehir Belediyesi yapmal\u0131d\u0131r&#8221; ifadelerini kulland\u0131.<\/p>\n<p>Mezarl\u0131k hizmetleri ile ilgili de konu\u015fan Ba\u015fkan G\u00fcnel, &#8220;Vatanda\u015flar\u0131m\u0131z\u0131n cenazeleri 14 y\u0131ld\u0131r musalla ta\u015f\u0131nda kalm\u0131\u015f m\u0131d\u0131r? Ku\u015fadas\u0131 Belediyesi\u2019nin cenaze hizmetleri emsalsizdir. \u00dclkemizin d\u00f6rt bir yan\u0131na u\u00e7akla ve arabayla cenazeleri g\u00f6nderiyoruz. 3 g\u00fcn boyunca yak\u0131nlar\u0131n\u0131 kaybeden vatanda\u015flar\u0131m\u0131z\u0131n evini yaln\u0131z b\u0131rakm\u0131yoruz. Pidemizle ayran\u0131m\u0131zla destek oluyoruz. Mezarl\u0131klar\u0131m\u0131zda defin hizmetleri \u00fccretsizdir. Mezarl\u0131klar\u0131m\u0131z \u00fccretsizdir. Mezarl\u0131klar\u0131m\u0131z\u0131 gece bile ziyaret edebilirsiniz. Dolay\u0131s\u0131yla mesele i\u015fi yapamamak de\u011fil as\u0131l yetkili olana devretmek&#8221;<br \/><\/p>\n","protected":false},"excerpt":{"rendered":"<p>Ku\u015fadas\u0131 Belediye Ba\u015fkan\u0131 \u00d6mer G\u00fcnel, 18\u2019inci medya bulu\u015fmalar\u0131 kapsam\u0131nda Ayd\u0131n\u2019daki ulusal ve yerel medya temsilcileriyle bir araya geldi. Bas\u0131n toplant\u0131s\u0131nda Ba\u015fkan G\u00fcnel gazetecilerden gelen sorular\u0131 yan\u0131tlad\u0131. G\u00fcndeme ili\u015fkin konulardan mezarl\u0131k ve ila\u00e7lama hizmetleriyle ilgili de a\u00e7\u0131klamada bulunan Ba\u015fkan G\u00fcnel, &#8220;Mezarl\u0131k ve ila\u00e7lama hizmetlerinin Ayd\u0131n B\u00fcy\u00fck\u015fehir Belediyesi taraf\u0131ndan yap\u0131lmas\u0131 konusunda CHP grubu olarak \u00f6nerge verdik. Komisyon&#8230;<\/p>\n","protected":false},"author":1,"featured_media":69636,"comment_status":"open","ping_status":"open","sticky":false,"template":"","format":"standard","meta":{"_crdt_document":"","footnotes":""},"categories":[127],"tags":[],"class_list":["post-69635","post","type-post","status-publish","format-standard","has-post-thumbnail","hentry","category-siyaset"],"_links":{"self":[{"href":"https:\/\/www.egemtv.com\/index.php?rest_route=\/wp\/v2\/posts\/69635","targetHints":{"allow":["GET"]}}],"collection":[{"href":"https:\/\/www.egemtv.com\/index.php?rest_route=\/wp\/v2\/posts"}],"about":[{"href":"https:\/\/www.egemtv.com\/index.php?rest_route=\/wp\/v2\/types\/post"}],"author":[{"embeddable":true,"href":"https:\/\/www.egemtv.com\/index.php?rest_route=\/wp\/v2\/users\/1"}],"replies":[{"embeddable":true,"href":"https:\/\/www.egemtv.com\/index.php?rest_route=%2Fwp%2Fv2%2Fcomments&post=69635"}],"version-history":[{"count":1,"href":"https:\/\/www.egemtv.com\/index.php?rest_route=\/wp\/v2\/posts\/69635\/revisions"}],"predecessor-version":[{"id":69637,"href":"https:\/\/www.egemtv.com\/index.php?rest_route=\/wp\/v2\/posts\/69635\/revisions\/69637"}],"wp:featuredmedia":[{"embeddable":true,"href":"https:\/\/www.egemtv.com\/index.php?rest_route=\/wp\/v2\/media\/69636"}],"wp:attachment":[{"href":"https:\/\/www.egemtv.com\/index.php?rest_route=%2Fwp%2Fv2%2Fmedia&parent=69635"}],"wp:term":[{"taxonomy":"category","embeddable":true,"href":"https:\/\/www.egemtv.com\/index.php?rest_route=%2Fwp%2Fv2%2Fcategories&post=69635"},{"taxonomy":"post_tag","embeddable":true,"href":"https:\/\/www.egemtv.com\/index.php?rest_route=%2Fwp%2Fv2%2Ftags&post=69635"}],"curies":[{"name":"wp","href":"https:\/\/api.w.org\/{rel}","templated":true}]}}