{"id":69629,"date":"2025-11-23T16:56:59","date_gmt":"2025-11-23T13:56:59","guid":{"rendered":"https:\/\/www.egemtv.com\/?p=69629"},"modified":"2025-11-23T16:57:00","modified_gmt":"2025-11-23T13:57:00","slug":"trendyol-super-lig-goztepe-0-kocaelispor-0-mac-sonucu","status":"publish","type":"post","link":"https:\/\/www.egemtv.com\/?p=69629","title":{"rendered":"Trendyol S\u00fcper Lig: G\u00f6ztepe: 0 &#8211; Kocaelispor: 0 (Ma\u00e7 sonucu)"},"content":{"rendered":"<p>Trendyol S\u00fcper Lig\u2019in 13. haftas\u0131nda G\u00f6ztepe, sahas\u0131nda kar\u015f\u0131la\u015ft\u0131\u011f\u0131 Kocaelispor ile gols\u00fcz berabere kald\u0131.<\/p>\n<p>Ma\u00e7tan dakikalar (\u0130kinci yar\u0131)<br \/>\n<br \/>59. dakikada orta sahadan topu kapan Efkan ilerleyip pas\u0131n\u0131 sa\u011f kanattaki Ruan\u2019a aktard\u0131. Ruan\u2019\u0131n ortas\u0131nda ceza sahas\u0131 i\u00e7inde bulunan Janderson\u2019un kafa vuru\u015funda me\u015fin yuvarlak az farkla kalenin yan\u0131ndan d\u0131\u015far\u0131 \u00e7\u0131kt\u0131.<br \/>\n<br \/>70. dakikada geli\u015fen G\u00f6ztepe ata\u011f\u0131nda rakiplerinden s\u0131yr\u0131lan Ruan\u2019\u0131n sa\u011f kanattan ortas\u0131nda ceza sahas\u0131 i\u00e7inde Olaitan\u2019\u0131n vuru\u015funda me\u015fin yuvarlak az farkla d\u0131\u015far\u0131 \u00e7\u0131kt\u0131.<\/p>\n<p>Stat: G\u00fcrsel Aksel<br \/>\n<br \/>Hakemler:  Ali Y\u0131lmaz, Mehmet Emin Tu\u011fral, Erkan Akbulut<br \/>\n<br \/>G\u00f6ztepe: Mateusz Lis, Taha Alt\u0131karde\u015f (Allan Godoi dk. 89), Heliton, Malcom Bokele, Ruan (Og\u00fcn Bayrak dk. 89), Novatus Miroshi (Rhaldney dk. 68), Anthony Dennis, Cherni, Efkan Bekiro\u011flu (Junior Olaitan dk. 68), Janderson, Juan<br \/>\n<br \/>Yedekler: Ekrem K\u0131l\u0131\u00e7arslan, Ahmed Ild\u0131z, \u0130smail K\u00f6yba\u015f\u0131, Tibet Durak\u00e7ay, Salem Bouajila<br \/>\n<br \/>Teknik Direkt\u00f6r: Stanimir Stoilov<br \/>\n<br \/>Kocaelispor: Aleksandar Jovanovic, Ahmet O\u011fuz, Botond Balogh, Hrvoje Smolcic, Massadio Haidara, Habib Ali Keita (Show dk. 46), Daniel Agyei (Joseph Nonge Boende dk. 87), Karol Linetty (Tarkan Serbest dk. 76), Tayfur Bing\u00f6l, Can Kele\u015f (Darko Churlinov dk. 65), Serdar Dursun<br \/>\n<br \/>Yedekler: G\u00f6khan De\u011firmenci, Oleksandr Syrota, Anfernee Dijksteel, Muharrem Cinan, Furkan Gedik, Samet Yal\u00e7\u0131n<br \/>\n<br \/>Teknik Direkt\u00f6r: Sel\u00e7uk \u0130nan<br \/>\n<br \/>Sar\u0131 kartlar: Karol Linetty, Habib Ali Keita, Botond Balogh, Show (Kocaelispor), Novatus Miroshi, Ruan (G\u00f6ztepe)<br \/><\/p>\n","protected":false},"excerpt":{"rendered":"<p>Trendyol S\u00fcper Lig\u2019in 13. haftas\u0131nda G\u00f6ztepe, sahas\u0131nda kar\u015f\u0131la\u015ft\u0131\u011f\u0131 Kocaelispor ile gols\u00fcz berabere kald\u0131. Ma\u00e7tan dakikalar (\u0130kinci yar\u0131) 59. dakikada orta sahadan topu kapan Efkan ilerleyip pas\u0131n\u0131 sa\u011f kanattaki Ruan\u2019a aktard\u0131. Ruan\u2019\u0131n ortas\u0131nda ceza sahas\u0131 i\u00e7inde bulunan Janderson\u2019un kafa vuru\u015funda me\u015fin yuvarlak az farkla kalenin yan\u0131ndan d\u0131\u015far\u0131 \u00e7\u0131kt\u0131. 70. dakikada geli\u015fen G\u00f6ztepe ata\u011f\u0131nda rakiplerinden s\u0131yr\u0131lan Ruan\u2019\u0131n&#8230;<\/p>\n","protected":false},"author":1,"featured_media":69630,"comment_status":"open","ping_status":"open","sticky":false,"template":"","format":"standard","meta":{"_crdt_document":"","footnotes":""},"categories":[4],"tags":[],"class_list":["post-69629","post","type-post","status-publish","format-standard","has-post-thumbnail","hentry","category-spor"],"_links":{"self":[{"href":"https:\/\/www.egemtv.com\/index.php?rest_route=\/wp\/v2\/posts\/69629","targetHints":{"allow":["GET"]}}],"collection":[{"href":"https:\/\/www.egemtv.com\/index.php?rest_route=\/wp\/v2\/posts"}],"about":[{"href":"https:\/\/www.egemtv.com\/index.php?rest_route=\/wp\/v2\/types\/post"}],"author":[{"embeddable":true,"href":"https:\/\/www.egemtv.com\/index.php?rest_route=\/wp\/v2\/users\/1"}],"replies":[{"embeddable":true,"href":"https:\/\/www.egemtv.com\/index.php?rest_route=%2Fwp%2Fv2%2Fcomments&post=69629"}],"version-history":[{"count":1,"href":"https:\/\/www.egemtv.com\/index.php?rest_route=\/wp\/v2\/posts\/69629\/revisions"}],"predecessor-version":[{"id":69631,"href":"https:\/\/www.egemtv.com\/index.php?rest_route=\/wp\/v2\/posts\/69629\/revisions\/69631"}],"wp:featuredmedia":[{"embeddable":true,"href":"https:\/\/www.egemtv.com\/index.php?rest_route=\/wp\/v2\/media\/69630"}],"wp:attachment":[{"href":"https:\/\/www.egemtv.com\/index.php?rest_route=%2Fwp%2Fv2%2Fmedia&parent=69629"}],"wp:term":[{"taxonomy":"category","embeddable":true,"href":"https:\/\/www.egemtv.com\/index.php?rest_route=%2Fwp%2Fv2%2Fcategories&post=69629"},{"taxonomy":"post_tag","embeddable":true,"href":"https:\/\/www.egemtv.com\/index.php?rest_route=%2Fwp%2Fv2%2Ftags&post=69629"}],"curies":[{"name":"wp","href":"https:\/\/api.w.org\/{rel}","templated":true}]}}