{"id":69623,"date":"2025-11-23T16:14:55","date_gmt":"2025-11-23T13:14:55","guid":{"rendered":"https:\/\/www.egemtv.com\/?p=69623"},"modified":"2025-11-23T16:14:55","modified_gmt":"2025-11-23T13:14:55","slug":"dogu-akdeniz-2025-tatbikati-turkiye-ev-sahipliginde-basladi","status":"publish","type":"post","link":"https:\/\/www.egemtv.com\/?p=69623","title":{"rendered":"Do\u011fu Akdeniz-2025 Tatbikat\u0131 T\u00fcrkiye ev sahipli\u011finde ba\u015flad\u0131"},"content":{"rendered":"<p>T\u00fcrkiye\u2019nin ev sahipli\u011finde Do\u011fu Akdeniz\u2019de icra edilen Do\u011fu Akdeniz-2025 (DA-25) Davet Tatbikat\u0131 resmen ba\u015flad\u0131. Tatbikat\u0131n ilk g\u00fcn\u00fc kapsam\u0131nda Aksaz Deniz \u00dcs Komutanl\u0131\u011f\u0131\u2019nda ba\u011fl\u0131 bulunan TCG Sancaktar gemisinde geni\u015f kat\u0131l\u0131ml\u0131 bir bas\u0131n brifingi d\u00fczenlendi. Brifinge T\u00fcrk ve yabanc\u0131 bir\u00e7ok askeri yetkili ile bas\u0131n mensuplar\u0131 i\u015ftirak etti.<\/p>\n<p>Tatbikatta olu\u015fturulan kurgusal kriz senaryosu; kriz mukabele harekat\u0131, insani yard\u0131m ve afet m\u00fcdahale faaliyetlerini i\u00e7eriyor. Yetkililer, tatbikat\u0131n ger\u00e7ek\u00e7i bir kriz ortam\u0131nda m\u00fc\u015fterek harekat kabiliyetini test etti\u011fini vurgulad\u0131.<\/p>\n<p>Mu\u011fla\u2019n\u0131n Marmaris il\u00e7esindeki Aksaz Deniz \u00dcs Komutanl\u0131\u011f\u0131nda ger\u00e7ekle\u015ftirilen toplant\u0131ya, Harp Filosu Komutan\u0131 T\u00fcmamiral Mehmet Baybars K\u00fc\u00e7\u00fckatay, G\u00fcney G\u00f6rev Grup Komutan\u0131 Tu\u011famiral \u0130lyas Ergel, NATO Daimi Deniz Kuvveti Komutan\u0131 (COM SNMG-2), NATO Daimi May\u0131n Kar\u015f\u0131 Tedbirleri Komutan\u0131 (COM SNMCMG-2), Komodorlar, T\u00fcrk ve yabanc\u0131 gemi komutanlar\u0131 ile 15 \u00fclkeden kat\u0131lan yabanc\u0131 g\u00f6zlemci ve askeri heyetler yer ald\u0131.<\/p>\n<p>Dz. Kur. Bnb. Ali Erc\u00fcment Pop\u00e7in taraf\u0131ndan yap\u0131lan a\u00e7\u0131klamada, tatbikat\u0131n T\u00fcrk Deniz Kuvvetleri unsurlar\u0131 ile Nato Daimi Deniz Kuvvetleri ve di\u011fer \u00fclke unsurlar\u0131 aras\u0131nda birlikte \u00e7al\u0131\u015fabilirli\u011fi geli\u015ftirmek ve g\u00f6rev yeteneklerini e\u015f zamanl\u0131 olarak de\u011ferlendirmek oldu\u011funu ifade etti<\/p>\n<p>Akdeniz a\u00e7\u0131klar\u0131ndan ger\u00e7ekle\u015fecek olan tatbikata T\u00fcrk Deniz Kuvvetleri\u2019nin yan\u0131 s\u0131ra, NATO Daimi Deniz G\u00f6rev Grubu (SNMG-2) ve NATO May\u0131 in Kar\u015f\u0131 Tedbirleri G\u00f6rev Grubu (SNMCMG-2) unsurlar\u0131 ile dost ve m\u00fcttefik \u00fclkelerden kara, hava ve deniz unsurlar\u0131 kat\u0131l\u0131yor. Tatbikatta; sava\u015f gemilerinden denizalt\u0131lara, insans\u0131z sistemlerden arama-kurtarma birliklerine kadar bir\u00e7ok unsur g\u00f6rev al\u0131yor. Tatbikata ev sahibi \u00fclke donanmas\u0131 olarak; 19 su\u00fcst\u00fc gemisi, 4 denizalt\u0131, 18 hava unsuru, 1 sat timi ve 2 SAS timi ile i\u015ftirak edilecek, kara kuvvetleri komutanl\u0131\u011f\u0131 taraf\u0131ndan 5 helikopter g\u00f6revlendirilecek, Hava Kuvvetleri Komutanl\u0131\u011f\u0131 taraf\u0131ndan 44 F-16 u\u00e7a\u011f\u0131 ile 22 sorti u\u00e7u\u015f icra edilecek. Sahil G\u00fcvenlik Komutanl\u0131\u011f\u0131 taraf\u0131ndan 4 Sahil G\u00fcvenlik Botu g\u00f6revlendirilecek.  Tatbikatta; toplam 27 gemi ve 67 hava unsuru g\u00f6rev alacak.<\/p>\n<p>Se\u00e7kin G\u00f6zlemci G\u00fcn\u00fc 2 Aral\u0131k 2025\u2019te yap\u0131lacak. Tatbikat\u0131n ilerleyen g\u00fcnlerinde; su\u00fcst\u00fc savunma, hava savunma, denizalt\u0131 savunma harpleri, kritik altyap\u0131lar\u0131n korunmas\u0131, muharip olmayanlar\u0131n tahliyesi ve amfibi harekat e\u011fitimleri ger\u00e7ekle\u015ftirilecek.<\/p>\n<p>Do\u011fu Akdeniz-2025 Tatbikat\u0131\u2019n\u0131n, hem askeri haz\u0131rl\u0131k hem de uluslararas\u0131 i\u015f birli\u011fi a\u00e7\u0131s\u0131ndan T\u00fcrkiye\u2019nin denizdeki cayd\u0131r\u0131c\u0131 g\u00fcc\u00fcn\u00fc bir kez daha ortaya koymay\u0131 ama\u00e7lad\u0131\u011f\u0131 vurguland\u0131.<br \/><\/p>\n","protected":false},"excerpt":{"rendered":"<p>T\u00fcrkiye\u2019nin ev sahipli\u011finde Do\u011fu Akdeniz\u2019de icra edilen Do\u011fu Akdeniz-2025 (DA-25) Davet Tatbikat\u0131 resmen ba\u015flad\u0131. Tatbikat\u0131n ilk g\u00fcn\u00fc kapsam\u0131nda Aksaz Deniz \u00dcs Komutanl\u0131\u011f\u0131\u2019nda ba\u011fl\u0131 bulunan TCG Sancaktar gemisinde geni\u015f kat\u0131l\u0131ml\u0131 bir bas\u0131n brifingi d\u00fczenlendi. Brifinge T\u00fcrk ve yabanc\u0131 bir\u00e7ok askeri yetkili ile bas\u0131n mensuplar\u0131 i\u015ftirak etti. Tatbikatta olu\u015fturulan kurgusal kriz senaryosu; kriz mukabele harekat\u0131, insani yard\u0131m&#8230;<\/p>\n","protected":false},"author":1,"featured_media":69624,"comment_status":"open","ping_status":"open","sticky":false,"template":"","format":"standard","meta":{"_crdt_document":"","footnotes":""},"categories":[5],"tags":[],"class_list":["post-69623","post","type-post","status-publish","format-standard","has-post-thumbnail","hentry","category-asayis"],"_links":{"self":[{"href":"https:\/\/www.egemtv.com\/index.php?rest_route=\/wp\/v2\/posts\/69623","targetHints":{"allow":["GET"]}}],"collection":[{"href":"https:\/\/www.egemtv.com\/index.php?rest_route=\/wp\/v2\/posts"}],"about":[{"href":"https:\/\/www.egemtv.com\/index.php?rest_route=\/wp\/v2\/types\/post"}],"author":[{"embeddable":true,"href":"https:\/\/www.egemtv.com\/index.php?rest_route=\/wp\/v2\/users\/1"}],"replies":[{"embeddable":true,"href":"https:\/\/www.egemtv.com\/index.php?rest_route=%2Fwp%2Fv2%2Fcomments&post=69623"}],"version-history":[{"count":1,"href":"https:\/\/www.egemtv.com\/index.php?rest_route=\/wp\/v2\/posts\/69623\/revisions"}],"predecessor-version":[{"id":69625,"href":"https:\/\/www.egemtv.com\/index.php?rest_route=\/wp\/v2\/posts\/69623\/revisions\/69625"}],"wp:featuredmedia":[{"embeddable":true,"href":"https:\/\/www.egemtv.com\/index.php?rest_route=\/wp\/v2\/media\/69624"}],"wp:attachment":[{"href":"https:\/\/www.egemtv.com\/index.php?rest_route=%2Fwp%2Fv2%2Fmedia&parent=69623"}],"wp:term":[{"taxonomy":"category","embeddable":true,"href":"https:\/\/www.egemtv.com\/index.php?rest_route=%2Fwp%2Fv2%2Fcategories&post=69623"},{"taxonomy":"post_tag","embeddable":true,"href":"https:\/\/www.egemtv.com\/index.php?rest_route=%2Fwp%2Fv2%2Ftags&post=69623"}],"curies":[{"name":"wp","href":"https:\/\/api.w.org\/{rel}","templated":true}]}}