{"id":69620,"date":"2025-11-23T16:14:54","date_gmt":"2025-11-23T13:14:54","guid":{"rendered":"https:\/\/www.egemtv.com\/?p=69620"},"modified":"2025-11-23T16:14:55","modified_gmt":"2025-11-23T13:14:55","slug":"onundeki-araca-carpip-is-yerine-daldi-kacmaya-calisti-yakalandi","status":"publish","type":"post","link":"https:\/\/www.egemtv.com\/?p=69620","title":{"rendered":"\u00d6n\u00fcndeki araca \u00e7arp\u0131p i\u015f yerine dald\u0131, ka\u00e7maya \u00e7al\u0131\u015ft\u0131 yakaland\u0131"},"content":{"rendered":"<p>Ayd\u0131n\u2019\u0131n Efeler il\u00e7esinde ticari ara\u00e7 ba\u015fka bir araca \u00e7arparak i\u015f yerine dalarken, ka\u00e7maya \u00e7al\u0131\u015fan ya\u015f\u0131 k\u00fc\u00e7\u00fck ara\u00e7 s\u00fcr\u00fcc\u00fcs\u00fc i\u015fletme \u00e7al\u0131\u015fanlar\u0131 taraf\u0131ndan yakalanarak polise teslim edildi. O anlar, i\u015f yerinin g\u00fcvenlik kameras\u0131 taraf\u0131ndan anbean kaydedildi.<\/p>\n<p>Kaza, Ata Mahallesi Do\u011fu \u00c7evre Bulvar\u0131 \u00fczerinde bug\u00fcn \u00f6\u011fle saatlerinde meydana geldi. Edinilen bilgiye g\u00f6re, 15 ya\u015f\u0131nda E.E.C.\u2019nin kulland\u0131\u011f\u0131 iddia edilen 09 ACE 562 plakal\u0131 ticari ara\u00e7 \u00e7evre bulvar\u0131 \u00fczerinde ba\u015fka bir araca \u00e7arparak yol kenar\u0131nda bulunan bir i\u015f yerine dald\u0131. 112 Acil \u00c7a\u011fr\u0131 Merkezi\u2019ne yap\u0131lan ihbar \u00fczerine b\u00f6lgeye sa\u011fl\u0131k ve polis ekipleri sevk edildi. \u0130\u015f yeri \u00e7al\u0131\u015fanlar\u0131 ve \u00e7evredekiler ka\u00e7an s\u00fcr\u00fcc\u00fcy\u00fc yakalay\u0131p polise teslim etti. Yaral\u0131 oldu\u011fu g\u00f6r\u00fclen ya\u015f\u0131 k\u00fc\u00e7\u00fck s\u00fcr\u00fcc\u00fc ilk m\u00fcdahalesinin ard\u0131ndan ambulansla hastaneye kald\u0131rd\u0131. Kazada i\u015f yerinde maddi hasar meydana gelirken, kazayla ilgili soru\u015fturman\u0131n devam etti\u011fi \u00f6\u011frenildi.<\/p>\n<p>Kaza an\u0131 g\u00fcvenlik kameras\u0131na yans\u0131d\u0131<br \/>\n<br \/>Kaza an\u0131 ise i\u015f yerindeki g\u00fcvenlik kameras\u0131 taraf\u0131ndan an be an kaydedildi. G\u00f6r\u00fcnt\u00fclerde ticari arac\u0131n ba\u015fka bir araca \u00e7arparak i\u015f yerine dalmas\u0131 ve ard\u0131ndan s\u00fcr\u00fcc\u00fcn\u00fcn ko\u015farak kaza yerinden ka\u00e7mas\u0131 yer ald\u0131.<br \/><\/p>\n","protected":false},"excerpt":{"rendered":"<p>Ayd\u0131n\u2019\u0131n Efeler il\u00e7esinde ticari ara\u00e7 ba\u015fka bir araca \u00e7arparak i\u015f yerine dalarken, ka\u00e7maya \u00e7al\u0131\u015fan ya\u015f\u0131 k\u00fc\u00e7\u00fck ara\u00e7 s\u00fcr\u00fcc\u00fcs\u00fc i\u015fletme \u00e7al\u0131\u015fanlar\u0131 taraf\u0131ndan yakalanarak polise teslim edildi. O anlar, i\u015f yerinin g\u00fcvenlik kameras\u0131 taraf\u0131ndan anbean kaydedildi. Kaza, Ata Mahallesi Do\u011fu \u00c7evre Bulvar\u0131 \u00fczerinde bug\u00fcn \u00f6\u011fle saatlerinde meydana geldi. Edinilen bilgiye g\u00f6re, 15 ya\u015f\u0131nda E.E.C.\u2019nin kulland\u0131\u011f\u0131 iddia edilen&#8230;<\/p>\n","protected":false},"author":1,"featured_media":69621,"comment_status":"open","ping_status":"open","sticky":false,"template":"","format":"standard","meta":{"_crdt_document":"","footnotes":""},"categories":[5],"tags":[],"class_list":["post-69620","post","type-post","status-publish","format-standard","has-post-thumbnail","hentry","category-asayis"],"_links":{"self":[{"href":"https:\/\/www.egemtv.com\/index.php?rest_route=\/wp\/v2\/posts\/69620","targetHints":{"allow":["GET"]}}],"collection":[{"href":"https:\/\/www.egemtv.com\/index.php?rest_route=\/wp\/v2\/posts"}],"about":[{"href":"https:\/\/www.egemtv.com\/index.php?rest_route=\/wp\/v2\/types\/post"}],"author":[{"embeddable":true,"href":"https:\/\/www.egemtv.com\/index.php?rest_route=\/wp\/v2\/users\/1"}],"replies":[{"embeddable":true,"href":"https:\/\/www.egemtv.com\/index.php?rest_route=%2Fwp%2Fv2%2Fcomments&post=69620"}],"version-history":[{"count":1,"href":"https:\/\/www.egemtv.com\/index.php?rest_route=\/wp\/v2\/posts\/69620\/revisions"}],"predecessor-version":[{"id":69622,"href":"https:\/\/www.egemtv.com\/index.php?rest_route=\/wp\/v2\/posts\/69620\/revisions\/69622"}],"wp:featuredmedia":[{"embeddable":true,"href":"https:\/\/www.egemtv.com\/index.php?rest_route=\/wp\/v2\/media\/69621"}],"wp:attachment":[{"href":"https:\/\/www.egemtv.com\/index.php?rest_route=%2Fwp%2Fv2%2Fmedia&parent=69620"}],"wp:term":[{"taxonomy":"category","embeddable":true,"href":"https:\/\/www.egemtv.com\/index.php?rest_route=%2Fwp%2Fv2%2Fcategories&post=69620"},{"taxonomy":"post_tag","embeddable":true,"href":"https:\/\/www.egemtv.com\/index.php?rest_route=%2Fwp%2Fv2%2Ftags&post=69620"}],"curies":[{"name":"wp","href":"https:\/\/api.w.org\/{rel}","templated":true}]}}