{"id":69617,"date":"2025-11-23T16:14:53","date_gmt":"2025-11-23T13:14:53","guid":{"rendered":"https:\/\/www.egemtv.com\/?p=69617"},"modified":"2025-11-23T16:14:54","modified_gmt":"2025-11-23T13:14:54","slug":"vali-ozkan-sehit-aileleri-ve-gazilerle-bulustu","status":"publish","type":"post","link":"https:\/\/www.egemtv.com\/?p=69617","title":{"rendered":"Vali \u00d6zkan, \u015fehit aileleri ve gazilerle bulu\u015ftu"},"content":{"rendered":"<p>Salihli\u2019de d\u00fczenlenen programda \u015fehit yak\u0131nlar\u0131 ve gazilerle bir araya gelen Manisa Valisi Vahdettin \u00d6zkan, \u015eehit H\u00fcseyin \u00d6zdemir\u2019in ailesi taraf\u0131ndan d\u00fczenlenen hayra kat\u0131larak, fedakarl\u0131klar\u0131n\u0131 asla unutmayacaklar\u0131n\u0131 vurgulad\u0131.<br \/>\n<br \/>Manisa Valisi Vahdettin \u00d6zkan, Salihli il\u00e7esinde \u015fehit yak\u0131nlar\u0131 ve gazilerle bir araya geldi. \u015eehit Piyade Komando Er H\u00fcseyin \u00d6zdemir\u2019in ailesi taraf\u0131ndan d\u00fczenlenen hay\u0131r program\u0131na kat\u0131lan Vali \u00d6zkan, \u015fehit aileleri ve gazilerin \u00f6nerilerini dinleyerek tek tek sohbet etti.<br \/>\n<br \/>Vali \u00d6zkan, yapt\u0131\u011f\u0131 a\u00e7\u0131klamada, &#8220;Vatan u\u011fruna canlar\u0131n\u0131 feda eden \u015fehitlerimizin manevi huzurunda ve onlar\u0131n emanetlerinin yan\u0131nda olmak \u015feref pay\u0131m\u0131zd\u0131r. \u015eehitlerimizin ve gazilerimizin vatan\u0131m\u0131z i\u00e7in g\u00f6sterdi\u011fi \u00fcst\u00fcn fedakarl\u0131klar her zaman milletimizin g\u00f6nl\u00fcndeki m\u00fcstesna yerini alacakt\u0131r&#8221; dedi.<br \/>\n<br \/>1997 y\u0131l\u0131nda Tunceli\u2019de \u015fehit d\u00fc\u015fen Piyade Komando Er H\u00fcseyin \u00d6zdemir ad\u0131na d\u00fczenlenen mevlit ve hay\u0131r yeme\u011fine de kat\u0131lan Vali \u00d6zkan, \u015fehit annesi Firdevs \u00d6zdemir ve babas\u0131 Hasan \u00d6zdemir ile sohbet etti. \u00d6zkan, \u015fehitlerin hat\u0131ras\u0131n\u0131n milli birli\u011fin harc\u0131 oldu\u011funu ve milli \u015fuuru peki\u015ftiren en \u00f6nemli unsurlardan biri oldu\u011funu ifade etti.<br \/><\/p>\n","protected":false},"excerpt":{"rendered":"<p>Salihli\u2019de d\u00fczenlenen programda \u015fehit yak\u0131nlar\u0131 ve gazilerle bir araya gelen Manisa Valisi Vahdettin \u00d6zkan, \u015eehit H\u00fcseyin \u00d6zdemir\u2019in ailesi taraf\u0131ndan d\u00fczenlenen hayra kat\u0131larak, fedakarl\u0131klar\u0131n\u0131 asla unutmayacaklar\u0131n\u0131 vurgulad\u0131. Manisa Valisi Vahdettin \u00d6zkan, Salihli il\u00e7esinde \u015fehit yak\u0131nlar\u0131 ve gazilerle bir araya geldi. \u015eehit Piyade Komando Er H\u00fcseyin \u00d6zdemir\u2019in ailesi taraf\u0131ndan d\u00fczenlenen hay\u0131r program\u0131na kat\u0131lan Vali \u00d6zkan, \u015fehit aileleri&#8230;<\/p>\n","protected":false},"author":1,"featured_media":69618,"comment_status":"open","ping_status":"open","sticky":false,"template":"","format":"standard","meta":{"_crdt_document":"","footnotes":""},"categories":[123],"tags":[],"class_list":["post-69617","post","type-post","status-publish","format-standard","has-post-thumbnail","hentry","category-gundem"],"_links":{"self":[{"href":"https:\/\/www.egemtv.com\/index.php?rest_route=\/wp\/v2\/posts\/69617","targetHints":{"allow":["GET"]}}],"collection":[{"href":"https:\/\/www.egemtv.com\/index.php?rest_route=\/wp\/v2\/posts"}],"about":[{"href":"https:\/\/www.egemtv.com\/index.php?rest_route=\/wp\/v2\/types\/post"}],"author":[{"embeddable":true,"href":"https:\/\/www.egemtv.com\/index.php?rest_route=\/wp\/v2\/users\/1"}],"replies":[{"embeddable":true,"href":"https:\/\/www.egemtv.com\/index.php?rest_route=%2Fwp%2Fv2%2Fcomments&post=69617"}],"version-history":[{"count":1,"href":"https:\/\/www.egemtv.com\/index.php?rest_route=\/wp\/v2\/posts\/69617\/revisions"}],"predecessor-version":[{"id":69619,"href":"https:\/\/www.egemtv.com\/index.php?rest_route=\/wp\/v2\/posts\/69617\/revisions\/69619"}],"wp:featuredmedia":[{"embeddable":true,"href":"https:\/\/www.egemtv.com\/index.php?rest_route=\/wp\/v2\/media\/69618"}],"wp:attachment":[{"href":"https:\/\/www.egemtv.com\/index.php?rest_route=%2Fwp%2Fv2%2Fmedia&parent=69617"}],"wp:term":[{"taxonomy":"category","embeddable":true,"href":"https:\/\/www.egemtv.com\/index.php?rest_route=%2Fwp%2Fv2%2Fcategories&post=69617"},{"taxonomy":"post_tag","embeddable":true,"href":"https:\/\/www.egemtv.com\/index.php?rest_route=%2Fwp%2Fv2%2Ftags&post=69617"}],"curies":[{"name":"wp","href":"https:\/\/api.w.org\/{rel}","templated":true}]}}