{"id":69614,"date":"2025-11-23T15:54:44","date_gmt":"2025-11-23T12:54:44","guid":{"rendered":"https:\/\/www.egemtv.com\/?p=69614"},"modified":"2025-11-23T15:54:45","modified_gmt":"2025-11-23T12:54:45","slug":"manisanin-su-guvenligine-ve-yanginlara-karsi-stratejik-yatirim","status":"publish","type":"post","link":"https:\/\/www.egemtv.com\/?p=69614","title":{"rendered":"Manisa\u2019n\u0131n su g\u00fcvenli\u011fine ve yang\u0131nlara kar\u015f\u0131 stratejik yat\u0131r\u0131m"},"content":{"rendered":"<p>Manisa Su ve Kanalizasyon (MASK\u0130) Genel M\u00fcd\u00fcrl\u00fc\u011f\u00fc, daha h\u0131zl\u0131 ve etkin hizmet verebilmek amac\u0131yla ara\u00e7 filosunu g\u00fc\u00e7lendirdi. MASK\u0130 yat\u0131r\u0131m\u0131 ile 40 milyonluk yat\u0131r\u0131mla 5 adet su tankeri ve 5 adet 4&#215;4 arazi arac\u0131n\u0131 filosuna ekledi.<br \/>\n<br \/>Manisa Su ve Kanalizasyon \u0130daresi (MASK\u0130) Genel M\u00fcd\u00fcrl\u00fc\u011f\u00fc, i\u00e7me suyu temini ve yang\u0131n gibi afetlerde kullan\u0131lmak \u00fczere paslanmaz krom malzemeden \u00fcretilmi\u015f 4 adet 13 tonluk ve 1 adet 8 tonluk olmak \u00fczere toplam 5 adet su tankerini filosuna kazand\u0131rd\u0131. Tankerler, elektrik kesintilerinin ya\u015fand\u0131\u011f\u0131 ve pompalarda ar\u0131za meydana geldi\u011fi durumlarda \u00f6zellikle k\u0131rsal mahallelere su ula\u015ft\u0131r\u0131lmas\u0131nda kritik bir rol \u00fcstlenecek. Bu durumlarda tankerler, i\u00e7me suyu depolar\u0131na takviye yapman\u0131n yan\u0131 s\u0131ra ihtiya\u00e7 halinde mahallelere do\u011frudan su sa\u011flamak i\u00e7in de kullan\u0131lacak.<br \/>\n<br \/>MASK\u0130, su tankerlerinin yan\u0131 s\u0131ra 5 adet 4&#215;4 arazi arac\u0131n\u0131 da filosuna ekleyerek \u00f6zellikle zorlu arazi \u015fartlar\u0131ndaki sondaj noktalar\u0131na ula\u015f\u0131m ve m\u00fcdahale kapasitesini de y\u00fckseltti. Bu ara\u00e7larla, sondaj pompalar\u0131nda ya\u015fanabilecek ar\u0131zalara daha h\u0131zl\u0131 m\u00fcdahale edilebilecek.<\/p>\n<p>&#8220;MASK\u0130\u2019nin operasyon kapasitesi art\u0131r\u0131ld\u0131&#8221;<br \/>\n<br \/>Manisa B\u00fcy\u00fck\u015fehir Belediye Ba\u015fkan\u0131 Besim Dutlulu\u2019nun \u00f6nc\u00fcl\u00fc\u011f\u00fcnde ger\u00e7ekle\u015ftirilen bu stratejik yat\u0131r\u0131mla MASK\u0130\u2019nin operasyon kapasitesinin art\u0131r\u0131ld\u0131\u011f\u0131n\u0131 belirten Elektrik Makine ve Malzeme \u0130kmal Daire Ba\u015fkan\u0131 Murat Y\u0131lmaz, &#8220;Yat\u0131r\u0131mla yaln\u0131zca su temini de\u011fil, ayn\u0131 zamanda yang\u0131nlar ve do\u011fal afetlere kar\u015f\u0131 h\u0131zl\u0131 \u00e7\u00f6z\u00fcm \u00fcretme kapasitesi de art\u0131r\u0131ld\u0131. Arazi ara\u00e7lar\u0131 da sondajlarda ya\u015fanabilecek ar\u0131zalara ekiplerin daha h\u0131zl\u0131 ve daha etkin m\u00fcdahale edebilmesini sa\u011flayacak&#8221; dedi.<br \/><\/p>\n","protected":false},"excerpt":{"rendered":"<p>Manisa Su ve Kanalizasyon (MASK\u0130) Genel M\u00fcd\u00fcrl\u00fc\u011f\u00fc, daha h\u0131zl\u0131 ve etkin hizmet verebilmek amac\u0131yla ara\u00e7 filosunu g\u00fc\u00e7lendirdi. MASK\u0130 yat\u0131r\u0131m\u0131 ile 40 milyonluk yat\u0131r\u0131mla 5 adet su tankeri ve 5 adet 4&#215;4 arazi arac\u0131n\u0131 filosuna ekledi. Manisa Su ve Kanalizasyon \u0130daresi (MASK\u0130) Genel M\u00fcd\u00fcrl\u00fc\u011f\u00fc, i\u00e7me suyu temini ve yang\u0131n gibi afetlerde kullan\u0131lmak \u00fczere paslanmaz krom malzemeden&#8230;<\/p>\n","protected":false},"author":1,"featured_media":69615,"comment_status":"open","ping_status":"open","sticky":false,"template":"","format":"standard","meta":{"_crdt_document":"","footnotes":""},"categories":[125],"tags":[],"class_list":["post-69614","post","type-post","status-publish","format-standard","has-post-thumbnail","hentry","category-ekonomi"],"_links":{"self":[{"href":"https:\/\/www.egemtv.com\/index.php?rest_route=\/wp\/v2\/posts\/69614","targetHints":{"allow":["GET"]}}],"collection":[{"href":"https:\/\/www.egemtv.com\/index.php?rest_route=\/wp\/v2\/posts"}],"about":[{"href":"https:\/\/www.egemtv.com\/index.php?rest_route=\/wp\/v2\/types\/post"}],"author":[{"embeddable":true,"href":"https:\/\/www.egemtv.com\/index.php?rest_route=\/wp\/v2\/users\/1"}],"replies":[{"embeddable":true,"href":"https:\/\/www.egemtv.com\/index.php?rest_route=%2Fwp%2Fv2%2Fcomments&post=69614"}],"version-history":[{"count":1,"href":"https:\/\/www.egemtv.com\/index.php?rest_route=\/wp\/v2\/posts\/69614\/revisions"}],"predecessor-version":[{"id":69616,"href":"https:\/\/www.egemtv.com\/index.php?rest_route=\/wp\/v2\/posts\/69614\/revisions\/69616"}],"wp:featuredmedia":[{"embeddable":true,"href":"https:\/\/www.egemtv.com\/index.php?rest_route=\/wp\/v2\/media\/69615"}],"wp:attachment":[{"href":"https:\/\/www.egemtv.com\/index.php?rest_route=%2Fwp%2Fv2%2Fmedia&parent=69614"}],"wp:term":[{"taxonomy":"category","embeddable":true,"href":"https:\/\/www.egemtv.com\/index.php?rest_route=%2Fwp%2Fv2%2Fcategories&post=69614"},{"taxonomy":"post_tag","embeddable":true,"href":"https:\/\/www.egemtv.com\/index.php?rest_route=%2Fwp%2Fv2%2Ftags&post=69614"}],"curies":[{"name":"wp","href":"https:\/\/api.w.org\/{rel}","templated":true}]}}