{"id":69608,"date":"2025-11-23T15:14:41","date_gmt":"2025-11-23T12:14:41","guid":{"rendered":"https:\/\/www.egemtv.com\/?p=69608"},"modified":"2025-11-23T15:14:42","modified_gmt":"2025-11-23T12:14:42","slug":"muski-fethiye-e-seydikemerde-77-km-dere-temizligi-yapti","status":"publish","type":"post","link":"https:\/\/www.egemtv.com\/?p=69608","title":{"rendered":"MUSK\u0130, Fethiye e Seydikemer\u2019de 77 km dere temizli\u011fi yapt\u0131"},"content":{"rendered":"<p>Mu\u011fla B\u00fcy\u00fck\u015fehir Belediyesi Su ve Kanalizasyon \u0130daresi Genel M\u00fcd\u00fcrl\u00fc\u011f\u00fc (MUSK\u0130) ekipleri k\u0131\u015f sezonu \u00f6ncesi Fethiye ve Seydikemer\u2019de dere temizli\u011fi \u00e7al\u0131\u015fmalar\u0131n\u0131 s\u00fcrd\u00fcr\u00fcyor. Ta\u015fk\u0131n riskinin azalt\u0131lmas\u0131n\u0131 ama\u00e7layan temizlik \u00e7al\u0131\u015fmalar\u0131nda 77 kilometre temizlik yap\u0131ld\u0131\u011f\u0131 a\u00e7\u0131kland\u0131.<br \/>\n<br \/>MUSK\u0130 Genel M\u00fcd\u00fcrl\u00fc\u011f\u00fcnden yap\u0131lan a\u00e7\u0131klamada, &#8220;B\u00fcy\u00fck\u015fehir Belediye Ba\u015fkan\u0131m\u0131z Ahmet Aras\u2019\u0131n \u00e7evre duyarl\u0131l\u0131\u011f\u0131, kent esteti\u011finin art\u0131r\u0131lmas\u0131 ve geli\u015ftirilmesi ile halk\u0131n can ve mal g\u00fcvenli\u011finin korunmas\u0131na y\u00f6nelik hassasiyeti do\u011frultusunda \u00e7al\u0131\u015fmalar\u0131m\u0131za devam ediyoruz. Bu kapsamda dere temizlik \u00e7al\u0131\u015fmalar\u0131m\u0131z h\u0131z kesmeden s\u00fcr\u00fcyor. Bu y\u0131l Fethiye ve Seydikemer il\u00e7elerimizde ger\u00e7ekle\u015ftirdi\u011fimiz \u00e7al\u0131\u015fmalar kapsam\u0131nda; Fethiye\u2019de 59 bin 600 metre, Seydikemer\u2019de 17 bin 500 metre olmak \u00fczere toplam 77 bin 100 metre dere temizli\u011fi yapt\u0131k. Su ak\u0131\u015f\u0131n\u0131n d\u00fczenlenmesi, ta\u015fk\u0131n riskinin azalt\u0131lmas\u0131 ve \u00e7evre sa\u011fl\u0131\u011f\u0131n\u0131n korunmas\u0131 amac\u0131yla y\u00fcr\u00fctt\u00fc\u011f\u00fcm\u00fcz \u00e7al\u0131\u015fmalar\u0131m\u0131z kentimizin t\u00fcm noktalar\u0131nda aral\u0131ks\u0131z devam edece\u011fiz&#8221; denildi.<br \/><\/p>\n","protected":false},"excerpt":{"rendered":"<p>Mu\u011fla B\u00fcy\u00fck\u015fehir Belediyesi Su ve Kanalizasyon \u0130daresi Genel M\u00fcd\u00fcrl\u00fc\u011f\u00fc (MUSK\u0130) ekipleri k\u0131\u015f sezonu \u00f6ncesi Fethiye ve Seydikemer\u2019de dere temizli\u011fi \u00e7al\u0131\u015fmalar\u0131n\u0131 s\u00fcrd\u00fcr\u00fcyor. Ta\u015fk\u0131n riskinin azalt\u0131lmas\u0131n\u0131 ama\u00e7layan temizlik \u00e7al\u0131\u015fmalar\u0131nda 77 kilometre temizlik yap\u0131ld\u0131\u011f\u0131 a\u00e7\u0131kland\u0131. MUSK\u0130 Genel M\u00fcd\u00fcrl\u00fc\u011f\u00fcnden yap\u0131lan a\u00e7\u0131klamada, &#8220;B\u00fcy\u00fck\u015fehir Belediye Ba\u015fkan\u0131m\u0131z Ahmet Aras\u2019\u0131n \u00e7evre duyarl\u0131l\u0131\u011f\u0131, kent esteti\u011finin art\u0131r\u0131lmas\u0131 ve geli\u015ftirilmesi ile halk\u0131n can ve mal g\u00fcvenli\u011finin&#8230;<\/p>\n","protected":false},"author":1,"featured_media":69609,"comment_status":"open","ping_status":"open","sticky":false,"template":"","format":"standard","meta":{"_crdt_document":"","footnotes":""},"categories":[1],"tags":[],"class_list":["post-69608","post","type-post","status-publish","format-standard","has-post-thumbnail","hentry","category-guncel"],"_links":{"self":[{"href":"https:\/\/www.egemtv.com\/index.php?rest_route=\/wp\/v2\/posts\/69608","targetHints":{"allow":["GET"]}}],"collection":[{"href":"https:\/\/www.egemtv.com\/index.php?rest_route=\/wp\/v2\/posts"}],"about":[{"href":"https:\/\/www.egemtv.com\/index.php?rest_route=\/wp\/v2\/types\/post"}],"author":[{"embeddable":true,"href":"https:\/\/www.egemtv.com\/index.php?rest_route=\/wp\/v2\/users\/1"}],"replies":[{"embeddable":true,"href":"https:\/\/www.egemtv.com\/index.php?rest_route=%2Fwp%2Fv2%2Fcomments&post=69608"}],"version-history":[{"count":1,"href":"https:\/\/www.egemtv.com\/index.php?rest_route=\/wp\/v2\/posts\/69608\/revisions"}],"predecessor-version":[{"id":69610,"href":"https:\/\/www.egemtv.com\/index.php?rest_route=\/wp\/v2\/posts\/69608\/revisions\/69610"}],"wp:featuredmedia":[{"embeddable":true,"href":"https:\/\/www.egemtv.com\/index.php?rest_route=\/wp\/v2\/media\/69609"}],"wp:attachment":[{"href":"https:\/\/www.egemtv.com\/index.php?rest_route=%2Fwp%2Fv2%2Fmedia&parent=69608"}],"wp:term":[{"taxonomy":"category","embeddable":true,"href":"https:\/\/www.egemtv.com\/index.php?rest_route=%2Fwp%2Fv2%2Fcategories&post=69608"},{"taxonomy":"post_tag","embeddable":true,"href":"https:\/\/www.egemtv.com\/index.php?rest_route=%2Fwp%2Fv2%2Ftags&post=69608"}],"curies":[{"name":"wp","href":"https:\/\/api.w.org\/{rel}","templated":true}]}}