{"id":69605,"date":"2025-11-23T14:54:48","date_gmt":"2025-11-23T11:54:48","guid":{"rendered":"https:\/\/www.egemtv.com\/?p=69605"},"modified":"2025-11-23T14:54:48","modified_gmt":"2025-11-23T11:54:48","slug":"izmir-aciklarinda-18-duzensiz-gocmen-yakalandi-25-gocmen-kurtarildi","status":"publish","type":"post","link":"https:\/\/www.egemtv.com\/?p=69605","title":{"rendered":"\u0130zmir a\u00e7\u0131klar\u0131nda 18 d\u00fczensiz g\u00f6\u00e7men yakaland\u0131, 25 g\u00f6\u00e7men kurtar\u0131ld\u0131"},"content":{"rendered":"<p>\u0130zmir\u2019in Dikili il\u00e7esi a\u00e7\u0131klar\u0131nda yasa d\u0131\u015f\u0131 yollarla yurt d\u0131\u015f\u0131na \u00e7\u0131kma giri\u015fimindeki 18 d\u00fczensiz g\u00f6\u00e7men, Sahil G\u00fcvenlik ekipleri taraf\u0131ndan yakalan\u0131rken, Yunan unsurlar\u0131 taraf\u0131ndan geri itilen lastik bot i\u00e7erisindeki 25 d\u00fczensiz g\u00f6\u00e7men kurtar\u0131ld\u0131.<br \/>\n<br \/>Sahil G\u00fcvenlik Komutanl\u0131\u011f\u0131 ekipleri, 21 Kas\u0131m g\u00fcn\u00fc saat 03.17\u2019de, Dikili il\u00e7esinde g\u00f6revli Sahil G\u00fcvenlik Kolluk Destek Timi (Dikili\/Koldestim) taraf\u0131ndan kara \u00fczerinde 18 d\u00fczensiz g\u00f6\u00e7meni tespit etti. Yasa d\u0131\u015f\u0131 yollarla yurt d\u0131\u015f\u0131na \u00e7\u0131kma giri\u015fiminde olduklar\u0131 belirlenen g\u00f6\u00e7menler yakaland\u0131.<br \/>\n<br \/>Ekipler ayn\u0131 g\u00fcn saat 09.20\u2019de, Seferihisar il\u00e7esi a\u00e7\u0131klar\u0131nda lastik bot i\u00e7erisinde bir grup d\u00fczensiz g\u00f6\u00e7men oldu\u011fu bilgisinin al\u0131nmas\u0131 \u00fczerine harekete ge\u00e7ti. Yunanistan unsurlar\u0131nca T\u00fcrk kara sular\u0131na geri itilen lastik bot i\u00e7erisindeki 25 d\u00fczensiz g\u00f6\u00e7men, g\u00f6revlendirilen Sahil G\u00fcvenlik Botlar\u0131 (TCSG-24, KB-22) taraf\u0131ndan kurtar\u0131ld\u0131.<br \/>\n<br \/>G\u00f6\u00e7menler, sa\u011fl\u0131k kontrolleri ve i\u015flemlerinin ard\u0131ndan \u0130l G\u00f6\u00e7 \u0130daresi M\u00fcd\u00fcrl\u00fc\u011f\u00fc Geri G\u00f6nderme Merkezine sevk edildi.<br \/><\/p>\n","protected":false},"excerpt":{"rendered":"<p>\u0130zmir\u2019in Dikili il\u00e7esi a\u00e7\u0131klar\u0131nda yasa d\u0131\u015f\u0131 yollarla yurt d\u0131\u015f\u0131na \u00e7\u0131kma giri\u015fimindeki 18 d\u00fczensiz g\u00f6\u00e7men, Sahil G\u00fcvenlik ekipleri taraf\u0131ndan yakalan\u0131rken, Yunan unsurlar\u0131 taraf\u0131ndan geri itilen lastik bot i\u00e7erisindeki 25 d\u00fczensiz g\u00f6\u00e7men kurtar\u0131ld\u0131. Sahil G\u00fcvenlik Komutanl\u0131\u011f\u0131 ekipleri, 21 Kas\u0131m g\u00fcn\u00fc saat 03.17\u2019de, Dikili il\u00e7esinde g\u00f6revli Sahil G\u00fcvenlik Kolluk Destek Timi (Dikili\/Koldestim) taraf\u0131ndan kara \u00fczerinde 18 d\u00fczensiz g\u00f6\u00e7meni&#8230;<\/p>\n","protected":false},"author":1,"featured_media":69606,"comment_status":"open","ping_status":"open","sticky":false,"template":"","format":"standard","meta":{"_crdt_document":"","footnotes":""},"categories":[5],"tags":[],"class_list":["post-69605","post","type-post","status-publish","format-standard","has-post-thumbnail","hentry","category-asayis"],"_links":{"self":[{"href":"https:\/\/www.egemtv.com\/index.php?rest_route=\/wp\/v2\/posts\/69605","targetHints":{"allow":["GET"]}}],"collection":[{"href":"https:\/\/www.egemtv.com\/index.php?rest_route=\/wp\/v2\/posts"}],"about":[{"href":"https:\/\/www.egemtv.com\/index.php?rest_route=\/wp\/v2\/types\/post"}],"author":[{"embeddable":true,"href":"https:\/\/www.egemtv.com\/index.php?rest_route=\/wp\/v2\/users\/1"}],"replies":[{"embeddable":true,"href":"https:\/\/www.egemtv.com\/index.php?rest_route=%2Fwp%2Fv2%2Fcomments&post=69605"}],"version-history":[{"count":1,"href":"https:\/\/www.egemtv.com\/index.php?rest_route=\/wp\/v2\/posts\/69605\/revisions"}],"predecessor-version":[{"id":69607,"href":"https:\/\/www.egemtv.com\/index.php?rest_route=\/wp\/v2\/posts\/69605\/revisions\/69607"}],"wp:featuredmedia":[{"embeddable":true,"href":"https:\/\/www.egemtv.com\/index.php?rest_route=\/wp\/v2\/media\/69606"}],"wp:attachment":[{"href":"https:\/\/www.egemtv.com\/index.php?rest_route=%2Fwp%2Fv2%2Fmedia&parent=69605"}],"wp:term":[{"taxonomy":"category","embeddable":true,"href":"https:\/\/www.egemtv.com\/index.php?rest_route=%2Fwp%2Fv2%2Fcategories&post=69605"},{"taxonomy":"post_tag","embeddable":true,"href":"https:\/\/www.egemtv.com\/index.php?rest_route=%2Fwp%2Fv2%2Ftags&post=69605"}],"curies":[{"name":"wp","href":"https:\/\/api.w.org\/{rel}","templated":true}]}}