{"id":69602,"date":"2025-11-23T14:34:38","date_gmt":"2025-11-23T11:34:38","guid":{"rendered":"https:\/\/www.egemtv.com\/?p=69602"},"modified":"2025-11-23T14:34:39","modified_gmt":"2025-11-23T11:34:39","slug":"erken-secim-sorusuna-arinctan-net-yanit","status":"publish","type":"post","link":"https:\/\/www.egemtv.com\/?p=69602","title":{"rendered":"Erken se\u00e7im sorusuna Ar\u0131n\u00e7\u2019tan net yan\u0131t"},"content":{"rendered":"<p>Manisa\u2019da kat\u0131ld\u0131\u011f\u0131 bir hay\u0131r program\u0131nda vatanda\u015flar\u0131n &#8220;Erken se\u00e7im mi var?&#8221; sorusuna a\u00e7\u0131kl\u0131k getiren AK Parti MKYK \u00dcyesi ve Manisa Milletvekili M\u00fccahit Ar\u0131n\u00e7, &#8220;Bu bir se\u00e7im \u00e7al\u0131\u015fmas\u0131 de\u011fil, milletle i\u00e7 i\u00e7e olma g\u00f6revimizin gere\u011fi&#8221; dedi.<br \/>\n<br \/>AK Parti MKYK \u00dcyesi ve Manisa Milletvekili M\u00fccahit Ar\u0131n\u00e7, \u015eehzadeler il\u00e7esine ba\u011fl\u0131 Sancakl\u0131 Kayadibi Mahallesi\u2019nde d\u00fczenlenen hay\u0131r program\u0131nda vatanda\u015flarla bir araya geldi.<br \/>\n<br \/>Vatanda\u015flar\u0131n sahadaki yo\u011fun \u00e7al\u0131\u015fmalar nedeniyle s\u0131k\u00e7a &#8220;S\u00fcrekli sahadas\u0131n\u0131z, se\u00e7im mi geliyor?&#8221; \u015feklinde sorular y\u00f6neltti\u011fini s\u00f6yleyen Ar\u0131n\u00e7, erken se\u00e7im iddialar\u0131na net bir cevap verdi. Ar\u0131n\u00e7, bunun bir se\u00e7im haz\u0131rl\u0131\u011f\u0131 olmad\u0131\u011f\u0131n\u0131 vurgulayarak \u015fu ifadeleri kulland\u0131:<br \/>\n<br \/>&#8220;Bu bir se\u00e7im \u00e7al\u0131\u015fmas\u0131 de\u011fil. Bug\u00fcn sahadaysak, bu ge\u00e7en se\u00e7imde bize verdi\u011finiz g\u00f6revin gere\u011fini yerine getirdi\u011fimiz i\u00e7indir. Bizim asli vazifemiz milletle i\u00e7 i\u00e7e olmakt\u0131r. Se\u00e7im bitti diye milleti b\u0131rakmay\u0131z. Millet neredeyse biz her zaman orada olaca\u011f\u0131z.&#8221;<br \/>\n<br \/>Saha \u00e7al\u0131\u015fmalar\u0131n\u0131n parti politikalar\u0131n\u0131n temelini olu\u015fturdu\u011funu belirten Ar\u0131n\u00e7, siyasetin yaln\u0131zca se\u00e7im d\u00f6nemlerine s\u0131k\u0131\u015fan bir faaliyet olmad\u0131\u011f\u0131n\u0131 vurgulayarak, &#8220;Siyaset; spor m\u00fcsabakalar\u0131nda gen\u00e7lerimize destek vermek, pazar yerlerinde esnaf\u0131m\u0131zla sohbet etmek, taziye evlerinde ac\u0131lar\u0131m\u0131z\u0131 payla\u015fmak, d\u00fc\u011f\u00fcnlerde sevin\u00e7lerimizi b\u00fcy\u00fctmektir. Yani hayat\u0131n her an\u0131nda milletimizle omuz omuza olmakt\u0131r.&#8221; dedi.<br \/>\n<br \/>AK Parti te\u015fkilatlar\u0131n\u0131n Manisa\u2019n\u0131n d\u00f6rt bir yan\u0131nda g\u00fc\u00e7l\u00fc bir g\u00f6n\u00fcl ba\u011f\u0131 kurdu\u011funu ifade eden Ar\u0131n\u00e7, Sancakl\u0131 Kayadibi\u2019ndeki hay\u0131r program\u0131n\u0131n da bu birlik ve dayan\u0131\u015fman\u0131n g\u00fczel bir \u00f6rne\u011fi oldu\u011funu s\u00f6yledi. Program\u0131n sonunda vatanda\u015flarla birebir sohbet eden Ar\u0131n\u00e7, mahalle sakinlerinin taleplerini dinleyerek kat\u0131l\u0131mc\u0131lara te\u015fekk\u00fcr etti.<br \/>\n<br \/>Ar\u0131n\u00e7, s\u00f6zlerini &#8220;Rabbim yap\u0131lan t\u00fcm hay\u0131rlar\u0131 kabul etsin&#8221; diyerek tamamlad\u0131.<br \/><\/p>\n","protected":false},"excerpt":{"rendered":"<p>Manisa\u2019da kat\u0131ld\u0131\u011f\u0131 bir hay\u0131r program\u0131nda vatanda\u015flar\u0131n &#8220;Erken se\u00e7im mi var?&#8221; sorusuna a\u00e7\u0131kl\u0131k getiren AK Parti MKYK \u00dcyesi ve Manisa Milletvekili M\u00fccahit Ar\u0131n\u00e7, &#8220;Bu bir se\u00e7im \u00e7al\u0131\u015fmas\u0131 de\u011fil, milletle i\u00e7 i\u00e7e olma g\u00f6revimizin gere\u011fi&#8221; dedi. AK Parti MKYK \u00dcyesi ve Manisa Milletvekili M\u00fccahit Ar\u0131n\u00e7, \u015eehzadeler il\u00e7esine ba\u011fl\u0131 Sancakl\u0131 Kayadibi Mahallesi\u2019nde d\u00fczenlenen hay\u0131r program\u0131nda vatanda\u015flarla bir araya&#8230;<\/p>\n","protected":false},"author":1,"featured_media":69603,"comment_status":"open","ping_status":"open","sticky":false,"template":"","format":"standard","meta":{"_crdt_document":"","footnotes":""},"categories":[127],"tags":[],"class_list":["post-69602","post","type-post","status-publish","format-standard","has-post-thumbnail","hentry","category-siyaset"],"_links":{"self":[{"href":"https:\/\/www.egemtv.com\/index.php?rest_route=\/wp\/v2\/posts\/69602","targetHints":{"allow":["GET"]}}],"collection":[{"href":"https:\/\/www.egemtv.com\/index.php?rest_route=\/wp\/v2\/posts"}],"about":[{"href":"https:\/\/www.egemtv.com\/index.php?rest_route=\/wp\/v2\/types\/post"}],"author":[{"embeddable":true,"href":"https:\/\/www.egemtv.com\/index.php?rest_route=\/wp\/v2\/users\/1"}],"replies":[{"embeddable":true,"href":"https:\/\/www.egemtv.com\/index.php?rest_route=%2Fwp%2Fv2%2Fcomments&post=69602"}],"version-history":[{"count":1,"href":"https:\/\/www.egemtv.com\/index.php?rest_route=\/wp\/v2\/posts\/69602\/revisions"}],"predecessor-version":[{"id":69604,"href":"https:\/\/www.egemtv.com\/index.php?rest_route=\/wp\/v2\/posts\/69602\/revisions\/69604"}],"wp:featuredmedia":[{"embeddable":true,"href":"https:\/\/www.egemtv.com\/index.php?rest_route=\/wp\/v2\/media\/69603"}],"wp:attachment":[{"href":"https:\/\/www.egemtv.com\/index.php?rest_route=%2Fwp%2Fv2%2Fmedia&parent=69602"}],"wp:term":[{"taxonomy":"category","embeddable":true,"href":"https:\/\/www.egemtv.com\/index.php?rest_route=%2Fwp%2Fv2%2Fcategories&post=69602"},{"taxonomy":"post_tag","embeddable":true,"href":"https:\/\/www.egemtv.com\/index.php?rest_route=%2Fwp%2Fv2%2Ftags&post=69602"}],"curies":[{"name":"wp","href":"https:\/\/api.w.org\/{rel}","templated":true}]}}