{"id":69584,"date":"2025-11-23T13:34:53","date_gmt":"2025-11-23T10:34:53","guid":{"rendered":"https:\/\/www.egemtv.com\/?p=69584"},"modified":"2025-11-23T13:34:54","modified_gmt":"2025-11-23T10:34:54","slug":"ogretmenler-aydinin-bin-yillik-tarihinde-yolculuk-yapti","status":"publish","type":"post","link":"https:\/\/www.egemtv.com\/?p=69584","title":{"rendered":"\u00d6\u011fretmenler Ayd\u0131n\u2019\u0131n bin y\u0131ll\u0131k tarihinde yolculuk yapt\u0131"},"content":{"rendered":"<p>Ayd\u0131n \u0130l Milli E\u011fitim M\u00fcd\u00fcrl\u00fc\u011f\u00fc \u00d6\u011fretmen Akademileri kapsam\u0131nda d\u00fczenlenen \u2019Ayd\u0131n\u2019\u0131n Tarihi \u0130zlerinde Bir G\u00fcn: Kent Haf\u0131zas\u0131 Y\u00fcr\u00fcy\u00fc\u015f\u00fc\u2019 etkinli\u011fi ger\u00e7ekle\u015ftirilirken, \u2019\u015eehir ve K\u00fclt\u00fcr Akademisi\u2019 ba\u015fl\u0131\u011f\u0131 alt\u0131nda d\u00fczenlenen etkinlikte kat\u0131l\u0131mc\u0131lar, kentin k\u00f6kl\u00fc tarihini yerinde ke\u015ffetme f\u0131rsat\u0131 buldu.<\/p>\n<p>Rehberli\u011fini AD\u00dc \u0130nsan ve Toplum Bilimleri Fak\u00fcltesi\u2019nden Ar\u015f. G\u00f6r. M\u00fckerrerem K\u00fcr\u00fcm\u2019\u00fcn yapt\u0131\u011f\u0131 y\u00fcr\u00fcy\u00fc\u015f, Ramazan Pa\u015fa Camii \u00f6n\u00fcnde ba\u015flad\u0131. Kat\u0131l\u0131mc\u0131lar, Ayd\u0131n\u2019\u0131n Anadolu Beylikleri d\u00f6neminden kalan bin y\u0131ll\u0131k k\u00fclt\u00fcrel miras\u0131na, sokaklar\u0131nda sakl\u0131 tarihi katmanlar\u0131na ve ge\u00e7mi\u015ften g\u00fcn\u00fcm\u00fcze uzanan kent haf\u0131zas\u0131na tan\u0131kl\u0131k etti. Ger\u00e7ekle\u015ftirilen gezide Ayd\u0131n\u2019\u0131n k\u00fclt\u00fcrel dokusu ayr\u0131nt\u0131lar\u0131yla ele al\u0131n\u0131rken, y\u00fcr\u00fcy\u00fc\u015f s\u00fcresince \u015fehrin haf\u0131zas\u0131nda yer eden \u00f6nemli yap\u0131lar, tarihi olaylar ve toplumsal izler kat\u0131l\u0131mc\u0131larla payla\u015f\u0131ld\u0131. \u0130lgi g\u00f6ren etkinlik, hem bilgilendirici hem de keyifli bir k\u00fclt\u00fcr yolculu\u011fu olarak tamamland\u0131. Ayd\u0131n \u0130l Milli E\u011fitim M\u00fcd\u00fcrl\u00fc\u011f\u00fc, kent k\u00fclt\u00fcr\u00fcn\u00fc tan\u0131maya y\u00f6nelik bu t\u00fcr etkinliklerin devam edece\u011fini belirtti.<\/p>\n<p>Projede yer alan S\u00f6keli e\u011fitimci ve ayn\u0131 zamanda S\u00f6ke Tarih Ara\u015ft\u0131rmalar\u0131 ve K\u00fclt\u00fcr De\u011ferlerini Koruma Derne\u011fi Ba\u015fkan\u0131 \u0130smail Caner Gen\u00e7, projenin S\u00f6ke aya\u011f\u0131n\u0131 olu\u015fturmak i\u00e7in de g\u00f6r\u00fc\u015fme yapt\u0131klar\u0131n\u0131 s\u00f6yledi. Gen\u00e7, &#8220;proje i\u00e7inde yer alan \u00f6\u011fretmenlerimizi S\u00f6kemizin tarihi mekanlar\u0131nda da a\u011f\u0131rlamak isteriz&#8221; dedi.<\/p>\n<p>Bir sonraki etkinlik &#8220;Ayd\u0131n\u2019\u0131n fethi ve T\u00fcrkle\u015fmesi&#8221; ba\u015fl\u0131\u011f\u0131yla Do\u00e7. Dr. Ramazan Kemal Hayk\u0131ran\u2019\u0131n sunumuyla yine Ayd\u0131n\u2019da ger\u00e7ekle\u015fecek.<br \/><\/p>\n","protected":false},"excerpt":{"rendered":"<p>Ayd\u0131n \u0130l Milli E\u011fitim M\u00fcd\u00fcrl\u00fc\u011f\u00fc \u00d6\u011fretmen Akademileri kapsam\u0131nda d\u00fczenlenen \u2019Ayd\u0131n\u2019\u0131n Tarihi \u0130zlerinde Bir G\u00fcn: Kent Haf\u0131zas\u0131 Y\u00fcr\u00fcy\u00fc\u015f\u00fc\u2019 etkinli\u011fi ger\u00e7ekle\u015ftirilirken, \u2019\u015eehir ve K\u00fclt\u00fcr Akademisi\u2019 ba\u015fl\u0131\u011f\u0131 alt\u0131nda d\u00fczenlenen etkinlikte kat\u0131l\u0131mc\u0131lar, kentin k\u00f6kl\u00fc tarihini yerinde ke\u015ffetme f\u0131rsat\u0131 buldu. Rehberli\u011fini AD\u00dc \u0130nsan ve Toplum Bilimleri Fak\u00fcltesi\u2019nden Ar\u015f. G\u00f6r. M\u00fckerrerem K\u00fcr\u00fcm\u2019\u00fcn yapt\u0131\u011f\u0131 y\u00fcr\u00fcy\u00fc\u015f, Ramazan Pa\u015fa Camii \u00f6n\u00fcnde ba\u015flad\u0131. Kat\u0131l\u0131mc\u0131lar, Ayd\u0131n\u2019\u0131n&#8230;<\/p>\n","protected":false},"author":1,"featured_media":69585,"comment_status":"open","ping_status":"open","sticky":false,"template":"","format":"standard","meta":{"_crdt_document":"","footnotes":""},"categories":[1],"tags":[],"class_list":["post-69584","post","type-post","status-publish","format-standard","has-post-thumbnail","hentry","category-guncel"],"_links":{"self":[{"href":"https:\/\/www.egemtv.com\/index.php?rest_route=\/wp\/v2\/posts\/69584","targetHints":{"allow":["GET"]}}],"collection":[{"href":"https:\/\/www.egemtv.com\/index.php?rest_route=\/wp\/v2\/posts"}],"about":[{"href":"https:\/\/www.egemtv.com\/index.php?rest_route=\/wp\/v2\/types\/post"}],"author":[{"embeddable":true,"href":"https:\/\/www.egemtv.com\/index.php?rest_route=\/wp\/v2\/users\/1"}],"replies":[{"embeddable":true,"href":"https:\/\/www.egemtv.com\/index.php?rest_route=%2Fwp%2Fv2%2Fcomments&post=69584"}],"version-history":[{"count":1,"href":"https:\/\/www.egemtv.com\/index.php?rest_route=\/wp\/v2\/posts\/69584\/revisions"}],"predecessor-version":[{"id":69586,"href":"https:\/\/www.egemtv.com\/index.php?rest_route=\/wp\/v2\/posts\/69584\/revisions\/69586"}],"wp:featuredmedia":[{"embeddable":true,"href":"https:\/\/www.egemtv.com\/index.php?rest_route=\/wp\/v2\/media\/69585"}],"wp:attachment":[{"href":"https:\/\/www.egemtv.com\/index.php?rest_route=%2Fwp%2Fv2%2Fmedia&parent=69584"}],"wp:term":[{"taxonomy":"category","embeddable":true,"href":"https:\/\/www.egemtv.com\/index.php?rest_route=%2Fwp%2Fv2%2Fcategories&post=69584"},{"taxonomy":"post_tag","embeddable":true,"href":"https:\/\/www.egemtv.com\/index.php?rest_route=%2Fwp%2Fv2%2Ftags&post=69584"}],"curies":[{"name":"wp","href":"https:\/\/api.w.org\/{rel}","templated":true}]}}