{"id":69581,"date":"2025-11-23T13:15:03","date_gmt":"2025-11-23T10:15:03","guid":{"rendered":"https:\/\/www.egemtv.com\/?p=69581"},"modified":"2025-11-23T13:15:03","modified_gmt":"2025-11-23T10:15:03","slug":"aydinda-sap-hastaligina-karsi-asilama-calismalari-suruyor-2","status":"publish","type":"post","link":"https:\/\/www.egemtv.com\/?p=69581","title":{"rendered":"Ayd\u0131n\u2019da \u015fap hastal\u0131\u011f\u0131na kar\u015f\u0131 a\u015f\u0131lama \u00e7al\u0131\u015fmalar\u0131 s\u00fcr\u00fcyor"},"content":{"rendered":"<p>Ayd\u0131n\u2019da \u015fap hastal\u0131\u011f\u0131yla m\u00fccadele \u00e7al\u0131\u015fmalar\u0131 h\u0131z kesmeden devam ederken, Karacasu il\u00e7e genelinde y\u00fcr\u00fct\u00fclen a\u015f\u0131lama program\u0131 kapsam\u0131nda ekipler Bah\u00e7ek\u00f6y Mahallesi\u2019nde b\u00fcy\u00fckba\u015f hayvanlara y\u00f6nelik a\u015f\u0131lama \u00e7al\u0131\u015fmas\u0131 ger\u00e7ekle\u015ftirdi.<\/p>\n<p>Ayd\u0131n\u2019\u0131n genelinde \u00e7ok say\u0131da mahallenin karantina alt\u0131na al\u0131nmas\u0131na sebep olan \u015fap hastal\u0131\u011f\u0131na kar\u015f\u0131 a\u015f\u0131lama \u00e7al\u0131\u015fmalar\u0131 s\u00fcr\u00fcyor. Ayd\u0131n\u2019\u0131n Karacasu il\u00e7esinde \u0130l\u00e7e Tar\u0131m ve Orman M\u00fcd\u00fcrl\u00fc\u011f\u00fc ekipleri i\u015fletmelerde a\u015f\u0131lama i\u015flemleri ger\u00e7ekle\u015ftiriliyor. Yetkililer, \u00fcreticilerin bu s\u00fcre\u00e7te g\u00f6sterdi\u011fi dayan\u0131\u015fman\u0131n \u00f6nemine dikkat \u00e7ekerek, al\u0131nan t\u00fcm tedbirlere eksiksiz uyulmas\u0131n\u0131n \u015fart oldu\u011funu vurgulad\u0131. \u015e\u00fcpheli bir vaka ya da hastal\u0131k belirtisi g\u00f6r\u00fcld\u00fc\u011f\u00fcnde il\u00e7e tar\u0131m m\u00fcd\u00fcrl\u00fc\u011f\u00fcne vakit kaybetmeden bilgi verilmesinin, hem s\u00fcr\u00fc sa\u011fl\u0131\u011f\u0131 hem de hastal\u0131\u011f\u0131n kontrol\u00fc a\u00e7\u0131s\u0131ndan hayati \u00f6nem ta\u015f\u0131d\u0131\u011f\u0131 ifade edildi.<br \/><\/p>\n","protected":false},"excerpt":{"rendered":"<p>Ayd\u0131n\u2019da \u015fap hastal\u0131\u011f\u0131yla m\u00fccadele \u00e7al\u0131\u015fmalar\u0131 h\u0131z kesmeden devam ederken, Karacasu il\u00e7e genelinde y\u00fcr\u00fct\u00fclen a\u015f\u0131lama program\u0131 kapsam\u0131nda ekipler Bah\u00e7ek\u00f6y Mahallesi\u2019nde b\u00fcy\u00fckba\u015f hayvanlara y\u00f6nelik a\u015f\u0131lama \u00e7al\u0131\u015fmas\u0131 ger\u00e7ekle\u015ftirdi. Ayd\u0131n\u2019\u0131n genelinde \u00e7ok say\u0131da mahallenin karantina alt\u0131na al\u0131nmas\u0131na sebep olan \u015fap hastal\u0131\u011f\u0131na kar\u015f\u0131 a\u015f\u0131lama \u00e7al\u0131\u015fmalar\u0131 s\u00fcr\u00fcyor. Ayd\u0131n\u2019\u0131n Karacasu il\u00e7esinde \u0130l\u00e7e Tar\u0131m ve Orman M\u00fcd\u00fcrl\u00fc\u011f\u00fc ekipleri i\u015fletmelerde a\u015f\u0131lama i\u015flemleri ger\u00e7ekle\u015ftiriliyor. Yetkililer,&#8230;<\/p>\n","protected":false},"author":1,"featured_media":69582,"comment_status":"open","ping_status":"open","sticky":false,"template":"","format":"standard","meta":{"_crdt_document":"","footnotes":""},"categories":[1],"tags":[],"class_list":["post-69581","post","type-post","status-publish","format-standard","has-post-thumbnail","hentry","category-guncel"],"_links":{"self":[{"href":"https:\/\/www.egemtv.com\/index.php?rest_route=\/wp\/v2\/posts\/69581","targetHints":{"allow":["GET"]}}],"collection":[{"href":"https:\/\/www.egemtv.com\/index.php?rest_route=\/wp\/v2\/posts"}],"about":[{"href":"https:\/\/www.egemtv.com\/index.php?rest_route=\/wp\/v2\/types\/post"}],"author":[{"embeddable":true,"href":"https:\/\/www.egemtv.com\/index.php?rest_route=\/wp\/v2\/users\/1"}],"replies":[{"embeddable":true,"href":"https:\/\/www.egemtv.com\/index.php?rest_route=%2Fwp%2Fv2%2Fcomments&post=69581"}],"version-history":[{"count":1,"href":"https:\/\/www.egemtv.com\/index.php?rest_route=\/wp\/v2\/posts\/69581\/revisions"}],"predecessor-version":[{"id":69583,"href":"https:\/\/www.egemtv.com\/index.php?rest_route=\/wp\/v2\/posts\/69581\/revisions\/69583"}],"wp:featuredmedia":[{"embeddable":true,"href":"https:\/\/www.egemtv.com\/index.php?rest_route=\/wp\/v2\/media\/69582"}],"wp:attachment":[{"href":"https:\/\/www.egemtv.com\/index.php?rest_route=%2Fwp%2Fv2%2Fmedia&parent=69581"}],"wp:term":[{"taxonomy":"category","embeddable":true,"href":"https:\/\/www.egemtv.com\/index.php?rest_route=%2Fwp%2Fv2%2Fcategories&post=69581"},{"taxonomy":"post_tag","embeddable":true,"href":"https:\/\/www.egemtv.com\/index.php?rest_route=%2Fwp%2Fv2%2Ftags&post=69581"}],"curies":[{"name":"wp","href":"https:\/\/api.w.org\/{rel}","templated":true}]}}