{"id":69578,"date":"2025-11-23T13:15:01","date_gmt":"2025-11-23T10:15:01","guid":{"rendered":"https:\/\/www.egemtv.com\/?p=69578"},"modified":"2025-11-23T13:15:03","modified_gmt":"2025-11-23T10:15:03","slug":"mugla-etkilesim-gunlerinde-ogretmenler-kulturel-mirasla-bulustu","status":"publish","type":"post","link":"https:\/\/www.egemtv.com\/?p=69578","title":{"rendered":"Mu\u011fla etkile\u015fim g\u00fcnlerinde \u00f6\u011fretmenler k\u00fclt\u00fcrel mirasla bulu\u015ftu"},"content":{"rendered":"<p>Mu\u011fla ilindeki \u00f6\u011fretmenler aras\u0131nda etkile\u015fimi art\u0131rmay\u0131 ve dayan\u0131\u015fmay\u0131 g\u00fc\u00e7lendirmeyi hedefleyen Mu\u011fla \u00d6\u011fretmen Etkile\u015fim G\u00fcnleri Projesi, 2025-2026 e\u011fitim \u00f6\u011fretim y\u0131l\u0131nda da devam ediyor.<br \/>\n<br \/>Mu\u011fla \u0130l Mill\u00ee E\u011fitim M\u00fcd\u00fcrl\u00fc\u011f\u00fc taraf\u0131ndan y\u00fcr\u00fct\u00fclen Mu\u011fla \u00d6\u011fretmen Etkile\u015fim G\u00fcnleri kapsam\u0131nda \u0130l M\u00fcd\u00fcr\u00fc Emre \u00c7ay, Mente\u015fe il\u00e7emizde g\u00f6rev yapan \u00f6\u011fretmenlerle Yara\u015f \u0130zci Evi\u2019nde bir araya geldi.<br \/>\n<br \/>Do\u011fayla i\u00e7 i\u00e7e, s\u0131cak ve samimi bir atmosferde ger\u00e7ekle\u015fen program, \u00f6\u011fretmenler aras\u0131ndaki etkile\u015fimi g\u00fc\u00e7lendiren g\u00fczel anlara sahne oldu. Etkinlikte, Mu\u011fla\u2019n\u0131n k\u00f6kl\u00fc k\u00fclt\u00fcr\u00fcn\u00fc ya\u015fatmak amac\u0131yla y\u00f6remize \u00f6zg\u00fc \u00e7eki\u015fte zeytin k\u0131rma gelene\u011fi uyguland\u0131. \u00d6\u011fretmenler, hem bu geleneksel y\u00f6ntemi deneyimleme f\u0131rsat\u0131 buldu hem de k\u00fclt\u00fcrel miras\u0131n gelece\u011fe aktar\u0131lmas\u0131na katk\u0131 sundu. Ard\u0131ndan ke\u015fkek d\u00f6vme etkinli\u011fiyle imece gelene\u011fi canland\u0131r\u0131ld\u0131.<br \/>\n<br \/>Program\u0131n bir di\u011fer b\u00f6l\u00fcm\u00fc, kat\u0131l\u0131mc\u0131lar\u0131n yo\u011fun ilgi g\u00f6sterdi\u011fi geleneksel T\u00fcrk ok\u00e7ulu\u011fu etkinli\u011fiydi. \u00d6\u011fretmenlerimiz ata sporlar\u0131m\u0131zdan ok\u00e7ulu\u011fu deneyimleyerek T\u00fcrk k\u00fclt\u00fcr\u00fcn\u00fcn k\u00f6kl\u00fc de\u011ferlerine dair anlaml\u0131 bir yolculu\u011fa \u00e7\u0131kt\u0131.<br \/>\n<br \/>G\u00fcn boyunca s\u00fcren sohbetler, payla\u015f\u0131mlar ve birlikte yap\u0131lan etkinlikler; \u00f6\u011fretmenlerimizin birlik, beraberlik ve dayan\u0131\u015fma ruhunu peki\u015ftirdi. \u0130l Mill\u00ee E\u011fitim M\u00fcd\u00fcr\u00fc Emre \u00c7ay, etkinlikte t\u00fcm \u00f6\u011fretmenlerimizin 24 Kas\u0131m \u00d6\u011fretmenler G\u00fcn\u00fc\u2019n\u00fc kutlayarak Mu\u011fla\u2019n\u0131n e\u011fitim yolculu\u011funa de\u011fer katan t\u00fcm \u00f6\u011fretmenlere te\u015fekk\u00fcrlerini iletti<br \/><\/p>\n","protected":false},"excerpt":{"rendered":"<p>Mu\u011fla ilindeki \u00f6\u011fretmenler aras\u0131nda etkile\u015fimi art\u0131rmay\u0131 ve dayan\u0131\u015fmay\u0131 g\u00fc\u00e7lendirmeyi hedefleyen Mu\u011fla \u00d6\u011fretmen Etkile\u015fim G\u00fcnleri Projesi, 2025-2026 e\u011fitim \u00f6\u011fretim y\u0131l\u0131nda da devam ediyor. Mu\u011fla \u0130l Mill\u00ee E\u011fitim M\u00fcd\u00fcrl\u00fc\u011f\u00fc taraf\u0131ndan y\u00fcr\u00fct\u00fclen Mu\u011fla \u00d6\u011fretmen Etkile\u015fim G\u00fcnleri kapsam\u0131nda \u0130l M\u00fcd\u00fcr\u00fc Emre \u00c7ay, Mente\u015fe il\u00e7emizde g\u00f6rev yapan \u00f6\u011fretmenlerle Yara\u015f \u0130zci Evi\u2019nde bir araya geldi. Do\u011fayla i\u00e7 i\u00e7e, s\u0131cak ve samimi&#8230;<\/p>\n","protected":false},"author":1,"featured_media":69579,"comment_status":"open","ping_status":"open","sticky":false,"template":"","format":"standard","meta":{"_crdt_document":"","footnotes":""},"categories":[1],"tags":[],"class_list":["post-69578","post","type-post","status-publish","format-standard","has-post-thumbnail","hentry","category-guncel"],"_links":{"self":[{"href":"https:\/\/www.egemtv.com\/index.php?rest_route=\/wp\/v2\/posts\/69578","targetHints":{"allow":["GET"]}}],"collection":[{"href":"https:\/\/www.egemtv.com\/index.php?rest_route=\/wp\/v2\/posts"}],"about":[{"href":"https:\/\/www.egemtv.com\/index.php?rest_route=\/wp\/v2\/types\/post"}],"author":[{"embeddable":true,"href":"https:\/\/www.egemtv.com\/index.php?rest_route=\/wp\/v2\/users\/1"}],"replies":[{"embeddable":true,"href":"https:\/\/www.egemtv.com\/index.php?rest_route=%2Fwp%2Fv2%2Fcomments&post=69578"}],"version-history":[{"count":1,"href":"https:\/\/www.egemtv.com\/index.php?rest_route=\/wp\/v2\/posts\/69578\/revisions"}],"predecessor-version":[{"id":69580,"href":"https:\/\/www.egemtv.com\/index.php?rest_route=\/wp\/v2\/posts\/69578\/revisions\/69580"}],"wp:featuredmedia":[{"embeddable":true,"href":"https:\/\/www.egemtv.com\/index.php?rest_route=\/wp\/v2\/media\/69579"}],"wp:attachment":[{"href":"https:\/\/www.egemtv.com\/index.php?rest_route=%2Fwp%2Fv2%2Fmedia&parent=69578"}],"wp:term":[{"taxonomy":"category","embeddable":true,"href":"https:\/\/www.egemtv.com\/index.php?rest_route=%2Fwp%2Fv2%2Fcategories&post=69578"},{"taxonomy":"post_tag","embeddable":true,"href":"https:\/\/www.egemtv.com\/index.php?rest_route=%2Fwp%2Fv2%2Ftags&post=69578"}],"curies":[{"name":"wp","href":"https:\/\/api.w.org\/{rel}","templated":true}]}}