{"id":69575,"date":"2025-11-23T13:15:00","date_gmt":"2025-11-23T10:15:00","guid":{"rendered":"https:\/\/www.egemtv.com\/?p=69575"},"modified":"2025-11-23T13:15:01","modified_gmt":"2025-11-23T10:15:01","slug":"mentesede-kaza-2-yarali","status":"publish","type":"post","link":"https:\/\/www.egemtv.com\/?p=69575","title":{"rendered":"Mente\u015fe\u2019de kaza: 2 yaral\u0131"},"content":{"rendered":"<p>Mu\u011fla\u2019n\u0131n Mente\u015fe \u0130l\u00e7esinde meydana gelen \u00e7ift tarafl\u0131 trafik kazas\u0131nda iki ki\u015fi de\u011fi\u015fik yerlerinden yaraland\u0131.<br \/>\n<br \/>Kaza Mente\u015fe U\u011fur Mumcu U\u011fur Mumcu Bulvar\u0131\u2019nda k\u0131rm\u0131z\u0131 \u0131\u015f\u0131k ihlali nedeniyle meydana geldi. Kaza sonras\u0131 112 Acil \u00c7a\u011fr\u0131 Merkezine yap\u0131lan ihbar sonras\u0131 b\u00f6lgeye polis, 112 ambulans, UMKE ve \u0130tfaiye ekipleri sevk edildi.<br \/>\n<br \/>Kaza, k\u0131rm\u0131z\u0131 \u0131\u015f\u0131k ihlali yapt\u0131\u011f\u0131 iddia edilen B.T. y\u00f6netimindeki 16 AND 774 plakal\u0131 ara\u00e7 ile N.\u00c7.\u2019nin kulland\u0131\u011f\u0131 48 SF 238 plakal\u0131 ara\u00e7la \u00e7arp\u0131\u015fmas\u0131 sonras\u0131 meydana geldi\u011fi \u00f6\u011frenildi. Kaza sonras\u0131 ara\u00e7larda bulunan vatanda\u015flar itfaiye ve UMKE ekipleri taraf\u0131ndan ambulans ekiplerine teslim edilerek Mu\u011fla E\u011fitim ve Ara\u015ft\u0131rma Hastanesine sevk edildiler.<br \/><\/p>\n","protected":false},"excerpt":{"rendered":"<p>Mu\u011fla\u2019n\u0131n Mente\u015fe \u0130l\u00e7esinde meydana gelen \u00e7ift tarafl\u0131 trafik kazas\u0131nda iki ki\u015fi de\u011fi\u015fik yerlerinden yaraland\u0131. Kaza Mente\u015fe U\u011fur Mumcu U\u011fur Mumcu Bulvar\u0131\u2019nda k\u0131rm\u0131z\u0131 \u0131\u015f\u0131k ihlali nedeniyle meydana geldi. Kaza sonras\u0131 112 Acil \u00c7a\u011fr\u0131 Merkezine yap\u0131lan ihbar sonras\u0131 b\u00f6lgeye polis, 112 ambulans, UMKE ve \u0130tfaiye ekipleri sevk edildi. Kaza, k\u0131rm\u0131z\u0131 \u0131\u015f\u0131k ihlali yapt\u0131\u011f\u0131 iddia edilen B.T. y\u00f6netimindeki&#8230;<\/p>\n","protected":false},"author":1,"featured_media":69576,"comment_status":"open","ping_status":"open","sticky":false,"template":"","format":"standard","meta":{"_crdt_document":"","footnotes":""},"categories":[5],"tags":[],"class_list":["post-69575","post","type-post","status-publish","format-standard","has-post-thumbnail","hentry","category-asayis"],"_links":{"self":[{"href":"https:\/\/www.egemtv.com\/index.php?rest_route=\/wp\/v2\/posts\/69575","targetHints":{"allow":["GET"]}}],"collection":[{"href":"https:\/\/www.egemtv.com\/index.php?rest_route=\/wp\/v2\/posts"}],"about":[{"href":"https:\/\/www.egemtv.com\/index.php?rest_route=\/wp\/v2\/types\/post"}],"author":[{"embeddable":true,"href":"https:\/\/www.egemtv.com\/index.php?rest_route=\/wp\/v2\/users\/1"}],"replies":[{"embeddable":true,"href":"https:\/\/www.egemtv.com\/index.php?rest_route=%2Fwp%2Fv2%2Fcomments&post=69575"}],"version-history":[{"count":1,"href":"https:\/\/www.egemtv.com\/index.php?rest_route=\/wp\/v2\/posts\/69575\/revisions"}],"predecessor-version":[{"id":69577,"href":"https:\/\/www.egemtv.com\/index.php?rest_route=\/wp\/v2\/posts\/69575\/revisions\/69577"}],"wp:featuredmedia":[{"embeddable":true,"href":"https:\/\/www.egemtv.com\/index.php?rest_route=\/wp\/v2\/media\/69576"}],"wp:attachment":[{"href":"https:\/\/www.egemtv.com\/index.php?rest_route=%2Fwp%2Fv2%2Fmedia&parent=69575"}],"wp:term":[{"taxonomy":"category","embeddable":true,"href":"https:\/\/www.egemtv.com\/index.php?rest_route=%2Fwp%2Fv2%2Fcategories&post=69575"},{"taxonomy":"post_tag","embeddable":true,"href":"https:\/\/www.egemtv.com\/index.php?rest_route=%2Fwp%2Fv2%2Ftags&post=69575"}],"curies":[{"name":"wp","href":"https:\/\/api.w.org\/{rel}","templated":true}]}}