{"id":69326,"date":"2025-11-21T22:35:52","date_gmt":"2025-11-21T19:35:52","guid":{"rendered":"https:\/\/www.egemtv.com\/?p=69326"},"modified":"2025-11-21T22:35:53","modified_gmt":"2025-11-21T19:35:53","slug":"manisa-fk-adana-demirspor-macinin-ardindan","status":"publish","type":"post","link":"https:\/\/www.egemtv.com\/?p=69326","title":{"rendered":"Manisa FK &#8211; Adana Demirspor ma\u00e7\u0131n\u0131n ard\u0131ndan"},"content":{"rendered":"<p>Trendyol 1. Lig\u2019in 14. haftas\u0131nda oynanan Manisa FK-Adana Demirspor ma\u00e7\u0131n\u0131n ard\u0131ndan iki tak\u0131m\u0131n teknik direkt\u00f6rleri a\u00e7\u0131klamalarda bulundu.<br \/>\n<br \/>Trendyol 1. Lig\u2019in 14. haftas\u0131nda Manisa FK, sahas\u0131nda kar\u015f\u0131la\u015ft\u0131\u011f\u0131 Adana Demirspor\u2019u 5-0 ma\u011flup etti. Ma\u00e7\u0131n ard\u0131ndan d\u00fczenlenen bas\u0131n toplant\u0131s\u0131nda konu\u015fan iki tak\u0131m\u0131n teknik direkt\u00f6rleri de\u011ferlendirmelerde bulundu. Tak\u0131m\u0131n ba\u015f\u0131nda ilk ma\u00e7\u0131na \u00e7\u0131kan Manisa FK Teknik Direkt\u00f6r\u00fc Mustafa Dalc\u0131, &#8220;Ma\u00e7 \u00f6zelinde \u00e7ok fazla s\u00f6ylenecek bir \u015fey yok. Tabii ki bu ma\u00e7a \u00e7ok ciddi haz\u0131rland\u0131k. Bizim amac\u0131m\u0131z bu ma\u00e7\u0131 kazanmak, kazan\u0131rken de bir \u015feyleri kaybetmemek, i\u015fte oyuncu kaybetmemek, sakatlanmamak, k\u0131rm\u0131z\u0131 kart g\u00f6rmemek gibi durumlar\u0131 \u00f6nceli\u011fimizdi. Dolay\u0131s\u0131yla \u00e7ok \u015f\u00fck\u00fcr ma\u00e7\u0131m\u0131z\u0131 kazand\u0131k. Bu bizim i\u00e7in bir ba\u015flang\u0131\u00e7t\u0131. Oyuncular\u0131m\u0131z i\u00e7in bir \u00f6zg\u00fcvendi, ihtiya\u00e7lar\u0131 vard\u0131. B\u00f6yle bir ba\u015flang\u0131\u00e7 olmas\u0131 bizi mutlu etti. Bundan sonraki ma\u00e7lar\u0131 daha do\u011fru oynayaca\u011f\u0131z. Demirspor b\u00fcy\u00fck bir camia. Burada \u00e7al\u0131\u015fm\u0131\u015f biri olarak \u015funu s\u00f6ylemek istiyorum. Gen\u00e7ler 14. ma\u00e7\u0131n\u0131 b\u00fct\u00fcn cesaretleriyle, bu armay\u0131 temsil ederek m\u00fccadeleleriyle ortaya koyuyorlar. Ayr\u0131ca bu m\u00fccadeleyi verirken oyunu \u00e7irkinle\u015ftirmemeleri takdire \u015fayan. Buradan kendilerini y\u00fcrekten kutluyorum. En k\u0131sa zamanda bu b\u00fcy\u00fck \u00e7\u0131nar in\u015fallah hak etti\u011fi yere gelir&#8221; dedi.<\/p>\n<p>Adana Demirspor cephesi<br \/>\n<br \/>\u0130yi niyetle \u00e7al\u0131\u015fmalar\u0131na devam ettiklerini belirten Adana Demirspor Teknik Direkt\u00f6r\u00fc Kubilayhan Y\u00fccel, &#8220;Ya\u015flar\u0131 17-20 ya\u015f aras\u0131 gen\u00e7 \u00e7ocuklar verilen g\u00f6revlerde ne kadar istekli arzulu da olsalar yerine getirmekte olduk\u00e7a zorlan\u0131yorlar. Bizim amac\u0131m\u0131z Adana Demirspor\u2019u sezon sonuna kadar centilmence ta\u015f\u0131mak ve sezonu bitirmek. \u00c7ok fazla da bir \u015fey s\u00f6ylemeye gerek te\u015fekk\u00fcrler. Manisa\u2019y\u0131 da tebrik ediyoruz&#8221; dedi.<br \/><\/p>\n","protected":false},"excerpt":{"rendered":"<p>Trendyol 1. Lig\u2019in 14. haftas\u0131nda oynanan Manisa FK-Adana Demirspor ma\u00e7\u0131n\u0131n ard\u0131ndan iki tak\u0131m\u0131n teknik direkt\u00f6rleri a\u00e7\u0131klamalarda bulundu. Trendyol 1. Lig\u2019in 14. haftas\u0131nda Manisa FK, sahas\u0131nda kar\u015f\u0131la\u015ft\u0131\u011f\u0131 Adana Demirspor\u2019u 5-0 ma\u011flup etti. Ma\u00e7\u0131n ard\u0131ndan d\u00fczenlenen bas\u0131n toplant\u0131s\u0131nda konu\u015fan iki tak\u0131m\u0131n teknik direkt\u00f6rleri de\u011ferlendirmelerde bulundu. Tak\u0131m\u0131n ba\u015f\u0131nda ilk ma\u00e7\u0131na \u00e7\u0131kan Manisa FK Teknik Direkt\u00f6r\u00fc Mustafa Dalc\u0131, &#8220;Ma\u00e7&#8230;<\/p>\n","protected":false},"author":1,"featured_media":69327,"comment_status":"open","ping_status":"open","sticky":false,"template":"","format":"standard","meta":{"_crdt_document":"","footnotes":""},"categories":[4],"tags":[],"class_list":["post-69326","post","type-post","status-publish","format-standard","has-post-thumbnail","hentry","category-spor"],"_links":{"self":[{"href":"https:\/\/www.egemtv.com\/index.php?rest_route=\/wp\/v2\/posts\/69326","targetHints":{"allow":["GET"]}}],"collection":[{"href":"https:\/\/www.egemtv.com\/index.php?rest_route=\/wp\/v2\/posts"}],"about":[{"href":"https:\/\/www.egemtv.com\/index.php?rest_route=\/wp\/v2\/types\/post"}],"author":[{"embeddable":true,"href":"https:\/\/www.egemtv.com\/index.php?rest_route=\/wp\/v2\/users\/1"}],"replies":[{"embeddable":true,"href":"https:\/\/www.egemtv.com\/index.php?rest_route=%2Fwp%2Fv2%2Fcomments&post=69326"}],"version-history":[{"count":1,"href":"https:\/\/www.egemtv.com\/index.php?rest_route=\/wp\/v2\/posts\/69326\/revisions"}],"predecessor-version":[{"id":69328,"href":"https:\/\/www.egemtv.com\/index.php?rest_route=\/wp\/v2\/posts\/69326\/revisions\/69328"}],"wp:featuredmedia":[{"embeddable":true,"href":"https:\/\/www.egemtv.com\/index.php?rest_route=\/wp\/v2\/media\/69327"}],"wp:attachment":[{"href":"https:\/\/www.egemtv.com\/index.php?rest_route=%2Fwp%2Fv2%2Fmedia&parent=69326"}],"wp:term":[{"taxonomy":"category","embeddable":true,"href":"https:\/\/www.egemtv.com\/index.php?rest_route=%2Fwp%2Fv2%2Fcategories&post=69326"},{"taxonomy":"post_tag","embeddable":true,"href":"https:\/\/www.egemtv.com\/index.php?rest_route=%2Fwp%2Fv2%2Ftags&post=69326"}],"curies":[{"name":"wp","href":"https:\/\/api.w.org\/{rel}","templated":true}]}}