{"id":69320,"date":"2025-11-21T20:55:42","date_gmt":"2025-11-21T17:55:42","guid":{"rendered":"https:\/\/www.egemtv.com\/?p=69320"},"modified":"2025-11-21T20:55:43","modified_gmt":"2025-11-21T17:55:43","slug":"kutahya-belediye-baskani-kahveci-sehrimizin-kulturel-birikimine-katki-sunan-her-calismanin-yanindayiz","status":"publish","type":"post","link":"https:\/\/www.egemtv.com\/?p=69320","title":{"rendered":"K\u00fctahya Belediye Ba\u015fkan\u0131 Kahveci: &#8220;\u015eehrimizin k\u00fclt\u00fcrel birikimine katk\u0131 sunan her \u00e7al\u0131\u015fman\u0131n yan\u0131nday\u0131z&#8221;"},"content":{"rendered":"<p>K\u00fctahya Belediye Ba\u015fkan\u0131 Ey\u00fcp Kahveci, K\u00fctahya Ticaret ve Sanayi Odas\u0131 (KUTSO) Mesleki ve Teknik Anadolu Lisesi T\u00fcrk Dili ve Edebiyat\u0131 \u00d6\u011fretmeni Nuray Do\u011fan\u2019\u0131 makam\u0131nda misafir etti.<br \/>\n<br \/>Ziyarette, \u015fehrimizin de\u011ferli e\u011fitimcilerinden Nuray Do\u011fan, &#8220;Bana Emanet&#8221; isimli \u015fiir kitab\u0131n\u0131 Ba\u015fkan Kahveci\u2019ye hediye ederek eser ve \u00e7al\u0131\u015fmalar\u0131 hakk\u0131nda bilgi verdi. G\u00f6r\u00fc\u015fmede, edebiyat faaliyetlerinin geli\u015ftirilmesi ve edebi eserlerin tan\u0131t\u0131m s\u00fcre\u00e7lerinin g\u00fc\u00e7lendirilmesine y\u00f6nelik kapsaml\u0131 isti\u015farelerde bulunuldu. Belediye Ba\u015fkan\u0131 Ey\u00fcp Kahveci, Do\u011fan\u2019a te\u015fekk\u00fcr ederek, &#8220;Nuray Han\u0131m\u2019\u0131n eme\u011fini ve y\u00fcre\u011fini ortaya koydu\u011fu bu g\u00fczel eserle K\u00fctahya\u2019m\u0131za katt\u0131\u011f\u0131 de\u011feri takdirle kar\u015f\u0131l\u0131yorum. \u015eehrimizin k\u00fclt\u00fcrel birikimine katk\u0131 sa\u011flayan her \u00e7al\u0131\u015fman\u0131n yan\u0131nday\u0131z&#8221; ifadelerini kulland\u0131.<br \/>\n<br \/>Ziyaret, kar\u015f\u0131l\u0131kl\u0131 iyi dileklerin iletilmesi ve hat\u0131ra foto\u011fraf\u0131 \u00e7ekimiyle sona erdi.<br \/><\/p>\n","protected":false},"excerpt":{"rendered":"<p>K\u00fctahya Belediye Ba\u015fkan\u0131 Ey\u00fcp Kahveci, K\u00fctahya Ticaret ve Sanayi Odas\u0131 (KUTSO) Mesleki ve Teknik Anadolu Lisesi T\u00fcrk Dili ve Edebiyat\u0131 \u00d6\u011fretmeni Nuray Do\u011fan\u2019\u0131 makam\u0131nda misafir etti. Ziyarette, \u015fehrimizin de\u011ferli e\u011fitimcilerinden Nuray Do\u011fan, &#8220;Bana Emanet&#8221; isimli \u015fiir kitab\u0131n\u0131 Ba\u015fkan Kahveci\u2019ye hediye ederek eser ve \u00e7al\u0131\u015fmalar\u0131 hakk\u0131nda bilgi verdi. G\u00f6r\u00fc\u015fmede, edebiyat faaliyetlerinin geli\u015ftirilmesi ve edebi eserlerin tan\u0131t\u0131m&#8230;<\/p>\n","protected":false},"author":1,"featured_media":69321,"comment_status":"open","ping_status":"open","sticky":false,"template":"","format":"standard","meta":{"_crdt_document":"","footnotes":""},"categories":[1],"tags":[],"class_list":["post-69320","post","type-post","status-publish","format-standard","has-post-thumbnail","hentry","category-guncel"],"_links":{"self":[{"href":"https:\/\/www.egemtv.com\/index.php?rest_route=\/wp\/v2\/posts\/69320","targetHints":{"allow":["GET"]}}],"collection":[{"href":"https:\/\/www.egemtv.com\/index.php?rest_route=\/wp\/v2\/posts"}],"about":[{"href":"https:\/\/www.egemtv.com\/index.php?rest_route=\/wp\/v2\/types\/post"}],"author":[{"embeddable":true,"href":"https:\/\/www.egemtv.com\/index.php?rest_route=\/wp\/v2\/users\/1"}],"replies":[{"embeddable":true,"href":"https:\/\/www.egemtv.com\/index.php?rest_route=%2Fwp%2Fv2%2Fcomments&post=69320"}],"version-history":[{"count":1,"href":"https:\/\/www.egemtv.com\/index.php?rest_route=\/wp\/v2\/posts\/69320\/revisions"}],"predecessor-version":[{"id":69322,"href":"https:\/\/www.egemtv.com\/index.php?rest_route=\/wp\/v2\/posts\/69320\/revisions\/69322"}],"wp:featuredmedia":[{"embeddable":true,"href":"https:\/\/www.egemtv.com\/index.php?rest_route=\/wp\/v2\/media\/69321"}],"wp:attachment":[{"href":"https:\/\/www.egemtv.com\/index.php?rest_route=%2Fwp%2Fv2%2Fmedia&parent=69320"}],"wp:term":[{"taxonomy":"category","embeddable":true,"href":"https:\/\/www.egemtv.com\/index.php?rest_route=%2Fwp%2Fv2%2Fcategories&post=69320"},{"taxonomy":"post_tag","embeddable":true,"href":"https:\/\/www.egemtv.com\/index.php?rest_route=%2Fwp%2Fv2%2Ftags&post=69320"}],"curies":[{"name":"wp","href":"https:\/\/api.w.org\/{rel}","templated":true}]}}