{"id":6932,"date":"2025-01-11T15:02:51","date_gmt":"2025-01-11T12:02:51","guid":{"rendered":"https:\/\/www.egemtv.com\/?p=6932"},"modified":"2025-01-11T15:02:53","modified_gmt":"2025-01-11T12:02:53","slug":"muglada-yagislar-etkisini-arttiracak","status":"publish","type":"post","link":"https:\/\/www.egemtv.com\/?p=6932","title":{"rendered":"Mu\u011fla\u2019da ya\u011f\u0131\u015flar etkisini artt\u0131racak"},"content":{"rendered":"<p>Meteoroloji 4. B\u00f6lge M\u00fcd\u00fcrl\u00fc\u011f\u00fc B\u00f6lge Tahmin ve Uyar\u0131 Merkezinden yap\u0131lan uyar\u0131da, Mu\u011fla b\u00f6lgesinde halen devam eden ya\u011f\u0131\u015fl\u0131 havan\u0131n Pazar g\u00fcn\u00fcnden itibaren etkisini artt\u0131raca\u011f\u0131 a\u00e7\u0131kland\u0131.<br \/>\n<br \/>Yap\u0131lan uyar\u0131da, \u201cYap\u0131lan son de\u011ferlendirmelere g\u00f6re; halen devam eden sa\u011fanak ya\u011f\u0131\u015flar\u0131n 12.01.2025 Pazar g\u00fcn\u00fc \u00f6\u011fleden sonra etkisinini art\u0131rarak Mu\u011fla il genelinde yerel kuvvetli (21-50 kg\/m2), sahil kesimlerde \u00e7ok kuvvetli ve yer yer \u015fiddetli (51-100 kg\/m2) olmas\u0131 beklendi\u011finden ula\u015f\u0131mda aksamalar, su bask\u0131n\u0131, sel, heyelan, y\u0131ld\u0131r\u0131m, ya\u011f\u0131\u015f an\u0131nda kuvvetli r\u00fczga gibi olumsuzluklara kar\u015f\u0131 dikkatli ve tedbirli olunmal\u0131d\u0131r\u201d denildi.<br \/><\/p>\n","protected":false},"excerpt":{"rendered":"<p>Meteoroloji 4. B\u00f6lge M\u00fcd\u00fcrl\u00fc\u011f\u00fc B\u00f6lge Tahmin ve Uyar\u0131 Merkezinden yap\u0131lan uyar\u0131da, Mu\u011fla b\u00f6lgesinde halen devam eden ya\u011f\u0131\u015fl\u0131 havan\u0131n Pazar g\u00fcn\u00fcnden itibaren etkisini artt\u0131raca\u011f\u0131 a\u00e7\u0131kland\u0131. Yap\u0131lan uyar\u0131da, \u201cYap\u0131lan son de\u011ferlendirmelere g\u00f6re; halen devam eden sa\u011fanak ya\u011f\u0131\u015flar\u0131n 12.01.2025 Pazar g\u00fcn\u00fc \u00f6\u011fleden sonra etkisinini art\u0131rarak Mu\u011fla il genelinde yerel kuvvetli (21-50 kg\/m2), sahil kesimlerde \u00e7ok kuvvetli ve yer&#8230;<\/p>\n","protected":false},"author":1,"featured_media":6933,"comment_status":"open","ping_status":"open","sticky":false,"template":"","format":"standard","meta":{"_crdt_document":"","footnotes":""},"categories":[1],"tags":[],"class_list":["post-6932","post","type-post","status-publish","format-standard","has-post-thumbnail","hentry","category-guncel"],"_links":{"self":[{"href":"https:\/\/www.egemtv.com\/index.php?rest_route=\/wp\/v2\/posts\/6932","targetHints":{"allow":["GET"]}}],"collection":[{"href":"https:\/\/www.egemtv.com\/index.php?rest_route=\/wp\/v2\/posts"}],"about":[{"href":"https:\/\/www.egemtv.com\/index.php?rest_route=\/wp\/v2\/types\/post"}],"author":[{"embeddable":true,"href":"https:\/\/www.egemtv.com\/index.php?rest_route=\/wp\/v2\/users\/1"}],"replies":[{"embeddable":true,"href":"https:\/\/www.egemtv.com\/index.php?rest_route=%2Fwp%2Fv2%2Fcomments&post=6932"}],"version-history":[{"count":1,"href":"https:\/\/www.egemtv.com\/index.php?rest_route=\/wp\/v2\/posts\/6932\/revisions"}],"predecessor-version":[{"id":6934,"href":"https:\/\/www.egemtv.com\/index.php?rest_route=\/wp\/v2\/posts\/6932\/revisions\/6934"}],"wp:featuredmedia":[{"embeddable":true,"href":"https:\/\/www.egemtv.com\/index.php?rest_route=\/wp\/v2\/media\/6933"}],"wp:attachment":[{"href":"https:\/\/www.egemtv.com\/index.php?rest_route=%2Fwp%2Fv2%2Fmedia&parent=6932"}],"wp:term":[{"taxonomy":"category","embeddable":true,"href":"https:\/\/www.egemtv.com\/index.php?rest_route=%2Fwp%2Fv2%2Fcategories&post=6932"},{"taxonomy":"post_tag","embeddable":true,"href":"https:\/\/www.egemtv.com\/index.php?rest_route=%2Fwp%2Fv2%2Ftags&post=6932"}],"curies":[{"name":"wp","href":"https:\/\/api.w.org\/{rel}","templated":true}]}}