{"id":69302,"date":"2025-11-21T19:15:23","date_gmt":"2025-11-21T16:15:23","guid":{"rendered":"https:\/\/www.egemtv.com\/?p=69302"},"modified":"2025-11-21T19:15:24","modified_gmt":"2025-11-21T16:15:24","slug":"sarigolde-zeytinyagi-uretim-tesislerine-denetim","status":"publish","type":"post","link":"https:\/\/www.egemtv.com\/?p=69302","title":{"rendered":"Sar\u0131g\u00f6l\u2019de zeytinya\u011f\u0131 \u00fcretim tesislerine denetim"},"content":{"rendered":"<p>Sar\u0131g\u00f6l \u0130l\u00e7e Tar\u0131m ve Orman M\u00fcd\u00fcrl\u00fc\u011f\u00fc ekipleri, il\u00e7ede faaliyet g\u00f6steren ya\u011fhane ve zeytinya\u011f\u0131 dolum tesislerinde denetim ger\u00e7ekle\u015ftirdi.<br \/>\n<br \/>\u0130l\u00e7e genelinde \u00fcretim yapan i\u015fletmeleri d\u00fczenli aral\u0131klarla kontrol eden teknik personeller, son denetimde tesislerin T\u00fcrk G\u0131da Kodeksi ile ilgili di\u011fer mevzuatlara uygunlu\u011funu inceledi. \u00dcretim alanlar\u0131, hijyen \u015fartlar\u0131, ekipman temizli\u011fi ve dolum s\u00fcre\u00e7leri detayl\u0131 \u015fekilde denetlendi.<br \/>\n<br \/>Yetkililer, g\u0131da g\u00fcvenli\u011finin sa\u011flanmas\u0131 ve kaliteli \u00fcretimin s\u00fcrd\u00fcr\u00fclebilirli\u011fi i\u00e7in kontrollerin aral\u0131ks\u0131z devam edece\u011fini ifade etti.<br \/><\/p>\n","protected":false},"excerpt":{"rendered":"<p>Sar\u0131g\u00f6l \u0130l\u00e7e Tar\u0131m ve Orman M\u00fcd\u00fcrl\u00fc\u011f\u00fc ekipleri, il\u00e7ede faaliyet g\u00f6steren ya\u011fhane ve zeytinya\u011f\u0131 dolum tesislerinde denetim ger\u00e7ekle\u015ftirdi. \u0130l\u00e7e genelinde \u00fcretim yapan i\u015fletmeleri d\u00fczenli aral\u0131klarla kontrol eden teknik personeller, son denetimde tesislerin T\u00fcrk G\u0131da Kodeksi ile ilgili di\u011fer mevzuatlara uygunlu\u011funu inceledi. \u00dcretim alanlar\u0131, hijyen \u015fartlar\u0131, ekipman temizli\u011fi ve dolum s\u00fcre\u00e7leri detayl\u0131 \u015fekilde denetlendi. Yetkililer, g\u0131da g\u00fcvenli\u011finin&#8230;<\/p>\n","protected":false},"author":1,"featured_media":69303,"comment_status":"open","ping_status":"open","sticky":false,"template":"","format":"standard","meta":{"_crdt_document":"","footnotes":""},"categories":[2],"tags":[],"class_list":["post-69302","post","type-post","status-publish","format-standard","has-post-thumbnail","hentry","category-saglik"],"_links":{"self":[{"href":"https:\/\/www.egemtv.com\/index.php?rest_route=\/wp\/v2\/posts\/69302","targetHints":{"allow":["GET"]}}],"collection":[{"href":"https:\/\/www.egemtv.com\/index.php?rest_route=\/wp\/v2\/posts"}],"about":[{"href":"https:\/\/www.egemtv.com\/index.php?rest_route=\/wp\/v2\/types\/post"}],"author":[{"embeddable":true,"href":"https:\/\/www.egemtv.com\/index.php?rest_route=\/wp\/v2\/users\/1"}],"replies":[{"embeddable":true,"href":"https:\/\/www.egemtv.com\/index.php?rest_route=%2Fwp%2Fv2%2Fcomments&post=69302"}],"version-history":[{"count":1,"href":"https:\/\/www.egemtv.com\/index.php?rest_route=\/wp\/v2\/posts\/69302\/revisions"}],"predecessor-version":[{"id":69304,"href":"https:\/\/www.egemtv.com\/index.php?rest_route=\/wp\/v2\/posts\/69302\/revisions\/69304"}],"wp:featuredmedia":[{"embeddable":true,"href":"https:\/\/www.egemtv.com\/index.php?rest_route=\/wp\/v2\/media\/69303"}],"wp:attachment":[{"href":"https:\/\/www.egemtv.com\/index.php?rest_route=%2Fwp%2Fv2%2Fmedia&parent=69302"}],"wp:term":[{"taxonomy":"category","embeddable":true,"href":"https:\/\/www.egemtv.com\/index.php?rest_route=%2Fwp%2Fv2%2Fcategories&post=69302"},{"taxonomy":"post_tag","embeddable":true,"href":"https:\/\/www.egemtv.com\/index.php?rest_route=%2Fwp%2Fv2%2Ftags&post=69302"}],"curies":[{"name":"wp","href":"https:\/\/api.w.org\/{rel}","templated":true}]}}