{"id":69299,"date":"2025-11-21T17:35:01","date_gmt":"2025-11-21T14:35:01","guid":{"rendered":"https:\/\/www.egemtv.com\/?p=69299"},"modified":"2025-11-21T17:35:02","modified_gmt":"2025-11-21T14:35:02","slug":"minikler-didimi-boyayarak-taniyacak","status":"publish","type":"post","link":"https:\/\/www.egemtv.com\/?p=69299","title":{"rendered":"Minikler Didim\u2019i boyayarak tan\u0131yacak"},"content":{"rendered":"<p>Didim Belediyesi, anas\u0131n\u0131f\u0131 ve 1. s\u0131n\u0131f \u00f6\u011frencileri i\u00e7in haz\u0131rlad\u0131\u011f\u0131 &#8220;Didim\u2019in Renkleri&#8221; boyama kitab\u0131n\u0131n da\u011f\u0131t\u0131m\u0131na ba\u015flad\u0131.<br \/>\n<br \/>Kitap, Didim\u2019in tarihi, do\u011fal g\u00fczellikleri, arkeolojik miras\u0131, renkli festivalleri ve y\u00f6resel lezzetlerini e\u011flenceli ve \u00f6\u011fretici \u00e7izimlerle \u00e7ocuklarla bulu\u015fturuyor. Bu \u00e7al\u0131\u015fma, miniklerin hem e\u011flenerek \u00f6\u011frenmesini hem de ya\u015fad\u0131klar\u0131 \u015fehri tan\u0131malar\u0131n\u0131 ama\u00e7l\u0131yor.<br \/>\n<br \/>Ba\u015fkan Hatice Gen\u00e7ay, miniklerle s\u0131n\u0131flar\u0131nda bir araya gelerek boyama kitaplar\u0131n\u0131 hediye etti. \u00d6n\u00fcm\u00fczdeki g\u00fcnlerde kitaplar di\u011fer okullara da da\u011f\u0131t\u0131larak t\u00fcm \u00e7ocuklarla bulu\u015facak. Ba\u015fkan Hatice Gen\u00e7ay, \u00e7ocuklar\u0131n sosyal ve k\u00fclt\u00fcrel etkinliklerle bulu\u015fmas\u0131n\u0131n \u00f6nemine dikkat \u00e7ekerek, bu t\u00fcr projelerin gelece\u011fimizin teminat\u0131 olan \u00e7ocuklar\u0131n bilin\u00e7li ve k\u00fclt\u00fcrl\u00fc bireyler olarak yeti\u015fmesine katk\u0131 sa\u011flad\u0131\u011f\u0131n\u0131 vurgulad\u0131.<br \/>\n<br \/>Miniklerin y\u00fcz\u00fcndeki g\u00fcl\u00fcmseme ve etkinlikten ald\u0131klar\u0131 keyif, Didim Belediyesi i\u00e7in en b\u00fcy\u00fck motivasyon kayna\u011f\u0131 oldu. Belediye, \u00e7ocuklar i\u00e7in haz\u0131rlad\u0131\u011f\u0131 sosyal, k\u00fclt\u00fcrel ve e\u011fitim odakl\u0131 projeleri kesintisiz \u015fekilde s\u00fcrd\u00fcrmeye devam edecek.<br \/><\/p>\n","protected":false},"excerpt":{"rendered":"<p>Didim Belediyesi, anas\u0131n\u0131f\u0131 ve 1. s\u0131n\u0131f \u00f6\u011frencileri i\u00e7in haz\u0131rlad\u0131\u011f\u0131 &#8220;Didim\u2019in Renkleri&#8221; boyama kitab\u0131n\u0131n da\u011f\u0131t\u0131m\u0131na ba\u015flad\u0131. Kitap, Didim\u2019in tarihi, do\u011fal g\u00fczellikleri, arkeolojik miras\u0131, renkli festivalleri ve y\u00f6resel lezzetlerini e\u011flenceli ve \u00f6\u011fretici \u00e7izimlerle \u00e7ocuklarla bulu\u015fturuyor. Bu \u00e7al\u0131\u015fma, miniklerin hem e\u011flenerek \u00f6\u011frenmesini hem de ya\u015fad\u0131klar\u0131 \u015fehri tan\u0131malar\u0131n\u0131 ama\u00e7l\u0131yor. Ba\u015fkan Hatice Gen\u00e7ay, miniklerle s\u0131n\u0131flar\u0131nda bir araya gelerek boyama kitaplar\u0131n\u0131&#8230;<\/p>\n","protected":false},"author":1,"featured_media":69300,"comment_status":"open","ping_status":"open","sticky":false,"template":"","format":"standard","meta":{"_crdt_document":"","footnotes":""},"categories":[1],"tags":[],"class_list":["post-69299","post","type-post","status-publish","format-standard","has-post-thumbnail","hentry","category-guncel"],"_links":{"self":[{"href":"https:\/\/www.egemtv.com\/index.php?rest_route=\/wp\/v2\/posts\/69299","targetHints":{"allow":["GET"]}}],"collection":[{"href":"https:\/\/www.egemtv.com\/index.php?rest_route=\/wp\/v2\/posts"}],"about":[{"href":"https:\/\/www.egemtv.com\/index.php?rest_route=\/wp\/v2\/types\/post"}],"author":[{"embeddable":true,"href":"https:\/\/www.egemtv.com\/index.php?rest_route=\/wp\/v2\/users\/1"}],"replies":[{"embeddable":true,"href":"https:\/\/www.egemtv.com\/index.php?rest_route=%2Fwp%2Fv2%2Fcomments&post=69299"}],"version-history":[{"count":1,"href":"https:\/\/www.egemtv.com\/index.php?rest_route=\/wp\/v2\/posts\/69299\/revisions"}],"predecessor-version":[{"id":69301,"href":"https:\/\/www.egemtv.com\/index.php?rest_route=\/wp\/v2\/posts\/69299\/revisions\/69301"}],"wp:featuredmedia":[{"embeddable":true,"href":"https:\/\/www.egemtv.com\/index.php?rest_route=\/wp\/v2\/media\/69300"}],"wp:attachment":[{"href":"https:\/\/www.egemtv.com\/index.php?rest_route=%2Fwp%2Fv2%2Fmedia&parent=69299"}],"wp:term":[{"taxonomy":"category","embeddable":true,"href":"https:\/\/www.egemtv.com\/index.php?rest_route=%2Fwp%2Fv2%2Fcategories&post=69299"},{"taxonomy":"post_tag","embeddable":true,"href":"https:\/\/www.egemtv.com\/index.php?rest_route=%2Fwp%2Fv2%2Ftags&post=69299"}],"curies":[{"name":"wp","href":"https:\/\/api.w.org\/{rel}","templated":true}]}}