{"id":69296,"date":"2025-11-21T17:35:00","date_gmt":"2025-11-21T14:35:00","guid":{"rendered":"https:\/\/www.egemtv.com\/?p=69296"},"modified":"2025-11-21T17:35:01","modified_gmt":"2025-11-21T14:35:01","slug":"muglada-trafik-denetimlerinde-drone-donemi","status":"publish","type":"post","link":"https:\/\/www.egemtv.com\/?p=69296","title":{"rendered":"Mu\u011fla\u2019da trafik denetimlerinde &#8220;drone&#8221; d\u00f6nemi"},"content":{"rendered":"<p>Mu\u011fla \u0130l Emniyet M\u00fcd\u00fcrl\u00fc\u011f\u00fc b\u00fcnyesinde yeni kurulan drone ekibi, trafik denetimlerine ba\u015flad\u0131. Kentin \u00e7e\u015fitli noktalar\u0131nda ger\u00e7ekle\u015ftirilen hava destekli denetimlerde, kural ihlali yapt\u0131\u011f\u0131 tespit edilen 40 ara\u00e7 s\u00fcr\u00fcc\u00fcs\u00fcne cezai i\u015flem uyguland\u0131.<\/p>\n<p>Mu\u011fla \u0130l Emniyet M\u00fcd\u00fcrl\u00fc\u011f\u00fc Trafik Tescil ve Denetleme \u015eube M\u00fcd\u00fcrl\u00fc\u011f\u00fc, trafik g\u00fcvenli\u011fini sa\u011flamak ve kazalar\u0131 en aza indirmek amac\u0131yla denetimlerini s\u0131k\u0131la\u015ft\u0131rd\u0131. Bu kapsamda m\u00fcd\u00fcrl\u00fck b\u00fcnyesinde kurulan \u00f6zel drone ekibi sahaya indi. Trafik ekipleri taraf\u0131ndan ger\u00e7ekle\u015ftirilen uygulamada, havadan yap\u0131lan takiplerle yakla\u015f\u0131k 70 ara\u00e7 kontrol edilirken, k\u0131rm\u0131z\u0131 \u0131\u015f\u0131k ihlali, seyir halinde cep telefonu kullan\u0131m\u0131 ve emniyet kemeri takmama gibi \u00e7e\u015fitli kural ihlalleri yapt\u0131\u011f\u0131 belirlenen 40 s\u00fcr\u00fcc\u00fcye ceza kesildi.<\/p>\n<p>Denetim noktas\u0131nda bas\u0131n mensuplar\u0131na a\u00e7\u0131klamalarda bulunan Mu\u011fla \u0130l Emniyet M\u00fcd\u00fcrl\u00fc\u011f\u00fc Trafik Tescil ve Denetleme \u015eube M\u00fcd\u00fcr\u00fc Amir Adil Ha\u00e7an, son bir ayd\u0131r kaza oranlar\u0131n\u0131 d\u00fc\u015f\u00fcrmek ad\u0131na yo\u011fun bir \u00e7al\u0131\u015fma y\u00fcr\u00fctt\u00fcklerini belirtti. Ha\u00e7an, al\u0131nan \u00f6nlemlere ili\u015fkin yapt\u0131\u011f\u0131 a\u00e7\u0131klamada &#8220;Mu\u011fla Emniyet M\u00fcd\u00fcrl\u00fc\u011f\u00fc Trafik \u015eube M\u00fcd\u00fcrl\u00fc\u011f\u00fc olarak kazalar\u0131m\u0131z\u0131 en aza indirme ad\u0131na geli\u015fmeye \u00e7al\u0131\u015f\u0131yoruz. Bu kapsamda \u00f6ncelikle sokaktaki ekip say\u0131m\u0131z\u0131 art\u0131rd\u0131k. B\u00fcrolarda g\u00f6revli personelimizin t\u00fcm\u00fcn\u00fc, trafi\u011fin yo\u011fun oldu\u011fu sabah, \u00f6\u011fle ve ak\u015fam saatlerinde sahaya y\u00f6nlendirdik&#8221; ifadelerini kulland\u0131.<\/p>\n<p>\u015eahin ekipleri ve drone timi ile daha h\u0131zl\u0131 m\u00fcdahale<br \/>\n<br \/>M\u00fcdahalelerin h\u0131z\u0131n\u0131 art\u0131rmak i\u00e7in motosikletli polis timlerinin (\u015eahinler) say\u0131s\u0131n\u0131n art\u0131r\u0131ld\u0131\u011f\u0131n\u0131 vurgulayan Ha\u00e7an, art\u0131k Mu\u011fla Emniyeti\u2019nin kendine ait bir drone ekibi oldu\u011funu da duyurdu. Motosiklet yo\u011funlu\u011funa da dikkat \u00e7eken Ha\u00e7an, &#8220;Daha h\u0131zl\u0131 m\u00fcdahale ve kontrol i\u00e7in \u015eahin ekiplerimizi art\u0131rm\u0131\u015ft\u0131k. Bug\u00fcn de g\u00f6r\u00fcnt\u00fcledi\u011finiz \u00fczere art\u0131k Mu\u011fla Emniyeti\u2019nin kendine ait bir drone ekibi var. \u0130limizde motosiklet say\u0131s\u0131n\u0131n otomobil say\u0131s\u0131n\u0131 ge\u00e7ti\u011fi bir d\u00f6nem ya\u015f\u0131yoruz. Bu durum do\u011fal olarak kazalara kar\u0131\u015fan motosiklet say\u0131s\u0131n\u0131n fazla olmas\u0131na, buna ba\u011fl\u0131 \u00f6l\u00fcml\u00fc ve yaralanmal\u0131 kazalar\u0131n artmas\u0131na sebep oluyor&#8221; dedi.<\/p>\n<p>Ama\u00e7lar\u0131n\u0131n vatanda\u015flar\u0131n zarar g\u00f6rmesini engellemek oldu\u011funu belirten \u015eube M\u00fcd\u00fcr\u00fc Ha\u00e7an, &#8220;Motosiklet ekiplerimizle, drone ekiplerimizle ve di\u011fer motorize ekiplerimizle kontrolleri s\u0131kla\u015ft\u0131rarak kazalar\u0131 minimize etmek istiyoruz. Ana amac\u0131m\u0131z, ilimizde kazalar ve \u00f6l\u00fcmler en aza insin, vatanda\u015flar\u0131m\u0131z zarar g\u00f6rmesin. Bug\u00fcn yap\u0131lan drone uygulamas\u0131nda ortalama 60-70 arac\u0131 kontrol ettik. Ba\u015fta emniyet kemeri, k\u0131rm\u0131z\u0131 \u0131\u015f\u0131k ve telefonla g\u00f6r\u00fc\u015fme olmak \u00fczere kural ihlali yapan 40 ara\u00e7 s\u00fcr\u00fcc\u00fcs\u00fcne i\u015flem yapt\u0131k&#8221; \u015feklinde konu\u015ftu.<br \/><\/p>\n","protected":false},"excerpt":{"rendered":"<p>Mu\u011fla \u0130l Emniyet M\u00fcd\u00fcrl\u00fc\u011f\u00fc b\u00fcnyesinde yeni kurulan drone ekibi, trafik denetimlerine ba\u015flad\u0131. Kentin \u00e7e\u015fitli noktalar\u0131nda ger\u00e7ekle\u015ftirilen hava destekli denetimlerde, kural ihlali yapt\u0131\u011f\u0131 tespit edilen 40 ara\u00e7 s\u00fcr\u00fcc\u00fcs\u00fcne cezai i\u015flem uyguland\u0131. Mu\u011fla \u0130l Emniyet M\u00fcd\u00fcrl\u00fc\u011f\u00fc Trafik Tescil ve Denetleme \u015eube M\u00fcd\u00fcrl\u00fc\u011f\u00fc, trafik g\u00fcvenli\u011fini sa\u011flamak ve kazalar\u0131 en aza indirmek amac\u0131yla denetimlerini s\u0131k\u0131la\u015ft\u0131rd\u0131. Bu kapsamda m\u00fcd\u00fcrl\u00fck b\u00fcnyesinde&#8230;<\/p>\n","protected":false},"author":1,"featured_media":69297,"comment_status":"open","ping_status":"open","sticky":false,"template":"","format":"standard","meta":{"_crdt_document":"","footnotes":""},"categories":[5],"tags":[],"class_list":["post-69296","post","type-post","status-publish","format-standard","has-post-thumbnail","hentry","category-asayis"],"_links":{"self":[{"href":"https:\/\/www.egemtv.com\/index.php?rest_route=\/wp\/v2\/posts\/69296","targetHints":{"allow":["GET"]}}],"collection":[{"href":"https:\/\/www.egemtv.com\/index.php?rest_route=\/wp\/v2\/posts"}],"about":[{"href":"https:\/\/www.egemtv.com\/index.php?rest_route=\/wp\/v2\/types\/post"}],"author":[{"embeddable":true,"href":"https:\/\/www.egemtv.com\/index.php?rest_route=\/wp\/v2\/users\/1"}],"replies":[{"embeddable":true,"href":"https:\/\/www.egemtv.com\/index.php?rest_route=%2Fwp%2Fv2%2Fcomments&post=69296"}],"version-history":[{"count":1,"href":"https:\/\/www.egemtv.com\/index.php?rest_route=\/wp\/v2\/posts\/69296\/revisions"}],"predecessor-version":[{"id":69298,"href":"https:\/\/www.egemtv.com\/index.php?rest_route=\/wp\/v2\/posts\/69296\/revisions\/69298"}],"wp:featuredmedia":[{"embeddable":true,"href":"https:\/\/www.egemtv.com\/index.php?rest_route=\/wp\/v2\/media\/69297"}],"wp:attachment":[{"href":"https:\/\/www.egemtv.com\/index.php?rest_route=%2Fwp%2Fv2%2Fmedia&parent=69296"}],"wp:term":[{"taxonomy":"category","embeddable":true,"href":"https:\/\/www.egemtv.com\/index.php?rest_route=%2Fwp%2Fv2%2Fcategories&post=69296"},{"taxonomy":"post_tag","embeddable":true,"href":"https:\/\/www.egemtv.com\/index.php?rest_route=%2Fwp%2Fv2%2Ftags&post=69296"}],"curies":[{"name":"wp","href":"https:\/\/api.w.org\/{rel}","templated":true}]}}