{"id":69293,"date":"2025-11-21T17:35:00","date_gmt":"2025-11-21T14:35:00","guid":{"rendered":"https:\/\/www.egemtv.com\/?p=69293"},"modified":"2025-11-21T17:35:00","modified_gmt":"2025-11-21T14:35:00","slug":"nazillide-sanayi-esnafi-imece-usulu-hayir-yapti","status":"publish","type":"post","link":"https:\/\/www.egemtv.com\/?p=69293","title":{"rendered":"Nazilli\u2019de sanayi esnaf\u0131 imece usul\u00fc hay\u0131r yapt\u0131"},"content":{"rendered":"<p>Ayd\u0131n\u2019\u0131n Nazilli il\u00e7esinde sanayi esnaf\u0131 imece usul\u00fc hay\u0131r yapt\u0131. Aralar\u0131nda toplad\u0131klar\u0131 paralarla misafirlerine pilav, tavuk, helva ve ayran ikram eden esnaf\u0131n farkl\u0131 zamanlarda yapt\u0131klar\u0131 hay\u0131r b\u00fcy\u00fck takdir toplad\u0131.<\/p>\n<p>Nazilli merkez Kara\u00e7ay Mahallesi 94 Sokak\u2019ta bulunan sanayi esnaf\u0131 her y\u0131l belirli aral\u0131klarla d\u00fczenledikleri hay\u0131r etkinliklerine bir yenisini daha ekledi. Geleneksel lokma ve ke\u015fkek hay\u0131rlar\u0131n\u0131n yan\u0131 s\u0131ra farkl\u0131 zamanlarda pilav, tavuk, helva ve ayran hayr\u0131 ile de dayan\u0131\u015fma ve kayna\u015fman\u0131n en g\u00fczel \u00f6rneklerini sergilemeye devam eden 94 Sokak sakinleri, bug\u00fcn de bin 500 ki\u015filik ikramda bulundu. Sokak sakinlerinden a\u015f\u00e7\u0131 Durmu\u015f Tobal\u2019\u0131n \u00f6nc\u00fcl\u00fc\u011f\u00fcnde bir araya gelen esnaflardan \u00d6mer Kalayc\u0131, H\u00fcdaverdi \u0130lbay, Serkan Pakelli, Niyazi \u015eim\u015fek ve Nevzat Karaka\u015f, aralar\u0131nda toplad\u0131klar\u0131 paralarla malzeme ald\u0131lar. Sokak i\u00e7erisinde kurduklar\u0131 masalarda konuklar\u0131na hem ikramda bulundular hem de hayatlar\u0131n\u0131 kaybetmi\u015f esnaf dostlar\u0131 i\u00e7in mevlit okutup dua ettiler.<\/p>\n<p>Her y\u0131l imece usul\u00fc yap\u0131l\u0131yor<br \/>\n<br \/>Nazilli protokol\u00fcnden \u00e7ok say\u0131da kat\u0131l\u0131m\u0131n oldu\u011fu hay\u0131r etkinli\u011fi yo\u011fun ilgi g\u00f6rd\u00fc. Etkinli\u011fe \u00f6nc\u00fcl\u00fck yapan a\u015f\u00e7\u0131 Durmu\u015f Tobal, eme\u011fi ge\u00e7en herkese te\u015fekk\u00fcr ederek &#8220;Her sene imece usul\u00fc olarak bu hay\u0131rlar\u0131 yapmaya karar alm\u0131\u015ft\u0131k. 94 Sokak\u2019taki esnaflar\u0131m\u0131zla birle\u015ferek yakla\u015f\u0131k bin 500 ki\u015filik pilav, tavuk, helva ve ayran ikram\u0131nda bulunduk. Kat\u0131lanlardan ve destek olanlardan Allah raz\u0131 olsun. \u00d6zellikle \u015funu da ifade etmek istiyorum. Bizlerin haz\u0131rlad\u0131\u011f\u0131 ikramlarda hay\u0131rda kulland\u0131\u011f\u0131m\u0131z tavuk eti ba\u015fta olmak \u00fczere t\u00fcm yiyecekler \u00f6zel olarak hijyenik ortamlarda haz\u0131rlanm\u0131\u015f ve korunmu\u015f \u015fekilde sunulmaktad\u0131r&#8221; dedi.<\/p>\n<p>Etkinli\u011fe kat\u0131lan vatanda\u015flar da eme\u011fi ge\u00e7en herkese te\u015fekk\u00fcr ederek hayr\u0131n Allah kat\u0131nda kabul\u00fcn\u00fc dilediler.<br \/><\/p>\n","protected":false},"excerpt":{"rendered":"<p>Ayd\u0131n\u2019\u0131n Nazilli il\u00e7esinde sanayi esnaf\u0131 imece usul\u00fc hay\u0131r yapt\u0131. Aralar\u0131nda toplad\u0131klar\u0131 paralarla misafirlerine pilav, tavuk, helva ve ayran ikram eden esnaf\u0131n farkl\u0131 zamanlarda yapt\u0131klar\u0131 hay\u0131r b\u00fcy\u00fck takdir toplad\u0131. Nazilli merkez Kara\u00e7ay Mahallesi 94 Sokak\u2019ta bulunan sanayi esnaf\u0131 her y\u0131l belirli aral\u0131klarla d\u00fczenledikleri hay\u0131r etkinliklerine bir yenisini daha ekledi. Geleneksel lokma ve ke\u015fkek hay\u0131rlar\u0131n\u0131n yan\u0131 s\u0131ra&#8230;<\/p>\n","protected":false},"author":1,"featured_media":69294,"comment_status":"open","ping_status":"open","sticky":false,"template":"","format":"standard","meta":{"_crdt_document":"","footnotes":""},"categories":[1],"tags":[],"class_list":["post-69293","post","type-post","status-publish","format-standard","has-post-thumbnail","hentry","category-guncel"],"_links":{"self":[{"href":"https:\/\/www.egemtv.com\/index.php?rest_route=\/wp\/v2\/posts\/69293","targetHints":{"allow":["GET"]}}],"collection":[{"href":"https:\/\/www.egemtv.com\/index.php?rest_route=\/wp\/v2\/posts"}],"about":[{"href":"https:\/\/www.egemtv.com\/index.php?rest_route=\/wp\/v2\/types\/post"}],"author":[{"embeddable":true,"href":"https:\/\/www.egemtv.com\/index.php?rest_route=\/wp\/v2\/users\/1"}],"replies":[{"embeddable":true,"href":"https:\/\/www.egemtv.com\/index.php?rest_route=%2Fwp%2Fv2%2Fcomments&post=69293"}],"version-history":[{"count":1,"href":"https:\/\/www.egemtv.com\/index.php?rest_route=\/wp\/v2\/posts\/69293\/revisions"}],"predecessor-version":[{"id":69295,"href":"https:\/\/www.egemtv.com\/index.php?rest_route=\/wp\/v2\/posts\/69293\/revisions\/69295"}],"wp:featuredmedia":[{"embeddable":true,"href":"https:\/\/www.egemtv.com\/index.php?rest_route=\/wp\/v2\/media\/69294"}],"wp:attachment":[{"href":"https:\/\/www.egemtv.com\/index.php?rest_route=%2Fwp%2Fv2%2Fmedia&parent=69293"}],"wp:term":[{"taxonomy":"category","embeddable":true,"href":"https:\/\/www.egemtv.com\/index.php?rest_route=%2Fwp%2Fv2%2Fcategories&post=69293"},{"taxonomy":"post_tag","embeddable":true,"href":"https:\/\/www.egemtv.com\/index.php?rest_route=%2Fwp%2Fv2%2Ftags&post=69293"}],"curies":[{"name":"wp","href":"https:\/\/api.w.org\/{rel}","templated":true}]}}