{"id":69290,"date":"2025-11-21T17:34:59","date_gmt":"2025-11-21T14:34:59","guid":{"rendered":"https:\/\/www.egemtv.com\/?p=69290"},"modified":"2025-11-21T17:34:59","modified_gmt":"2025-11-21T14:34:59","slug":"soke-belediyesi-personelinden-ornek-davranis","status":"publish","type":"post","link":"https:\/\/www.egemtv.com\/?p=69290","title":{"rendered":"S\u00f6ke Belediyesi personelinden \u00f6rnek davran\u0131\u015f"},"content":{"rendered":"<p>S\u00f6ke Belediyesi \u015fantiye personellerinden Nami \u00c7ift\u00e7i, \u00f6rnek bir davran\u0131\u015fa imza att\u0131. Motosikletiyle seyir halindeyken Sekiler Caddesi \u00fczerinde yere sa\u00e7\u0131lm\u0131\u015f halde bir miktar para fark eden \u00c7ift\u00e7i, hi\u00e7 teredd\u00fct etmeden durarak paralar\u0131 toplad\u0131.<\/p>\n<p>Bulunan paran\u0131n sahibine ula\u015ft\u0131r\u0131lmas\u0131 i\u00e7in duyarl\u0131l\u0131k g\u00f6steren Nami \u00c7ift\u00e7i, paray\u0131 S\u00f6ke \u0130l\u00e7e Emniyet M\u00fcd\u00fcrl\u00fc\u011f\u00fc\u2019ne teslim etti. Emniyet birimleri taraf\u0131ndan tutanakla teslim al\u0131nan paran\u0131n sahibinin tespiti i\u00e7in gerekli s\u00fcre\u00e7 ba\u015flat\u0131lmas\u0131n\u0131n ard\u0131ndan, sosyal medyadan yap\u0131lan \u00e7a\u011fr\u0131lar da i\u015fe yarad\u0131. Paras\u0131n\u0131 yolda d\u00fc\u015f\u00fcren ki\u015finin emniyete gelerek yakla\u015f\u0131k 9 bin TL tutar\u0131ndaki paray\u0131 teslim ald\u0131\u011f\u0131 \u00f6\u011frenildi.<br \/>\n<br \/>S\u00f6ke Belediyesi personeli \u00c7ift\u00e7i\u2019nin bu davran\u0131\u015f\u0131, takdirle kar\u015f\u0131land\u0131.<br \/><\/p>\n","protected":false},"excerpt":{"rendered":"<p>S\u00f6ke Belediyesi \u015fantiye personellerinden Nami \u00c7ift\u00e7i, \u00f6rnek bir davran\u0131\u015fa imza att\u0131. Motosikletiyle seyir halindeyken Sekiler Caddesi \u00fczerinde yere sa\u00e7\u0131lm\u0131\u015f halde bir miktar para fark eden \u00c7ift\u00e7i, hi\u00e7 teredd\u00fct etmeden durarak paralar\u0131 toplad\u0131. Bulunan paran\u0131n sahibine ula\u015ft\u0131r\u0131lmas\u0131 i\u00e7in duyarl\u0131l\u0131k g\u00f6steren Nami \u00c7ift\u00e7i, paray\u0131 S\u00f6ke \u0130l\u00e7e Emniyet M\u00fcd\u00fcrl\u00fc\u011f\u00fc\u2019ne teslim etti. Emniyet birimleri taraf\u0131ndan tutanakla teslim al\u0131nan paran\u0131n&#8230;<\/p>\n","protected":false},"author":1,"featured_media":69291,"comment_status":"open","ping_status":"open","sticky":false,"template":"","format":"standard","meta":{"_crdt_document":"","footnotes":""},"categories":[1],"tags":[],"class_list":["post-69290","post","type-post","status-publish","format-standard","has-post-thumbnail","hentry","category-guncel"],"_links":{"self":[{"href":"https:\/\/www.egemtv.com\/index.php?rest_route=\/wp\/v2\/posts\/69290","targetHints":{"allow":["GET"]}}],"collection":[{"href":"https:\/\/www.egemtv.com\/index.php?rest_route=\/wp\/v2\/posts"}],"about":[{"href":"https:\/\/www.egemtv.com\/index.php?rest_route=\/wp\/v2\/types\/post"}],"author":[{"embeddable":true,"href":"https:\/\/www.egemtv.com\/index.php?rest_route=\/wp\/v2\/users\/1"}],"replies":[{"embeddable":true,"href":"https:\/\/www.egemtv.com\/index.php?rest_route=%2Fwp%2Fv2%2Fcomments&post=69290"}],"version-history":[{"count":1,"href":"https:\/\/www.egemtv.com\/index.php?rest_route=\/wp\/v2\/posts\/69290\/revisions"}],"predecessor-version":[{"id":69292,"href":"https:\/\/www.egemtv.com\/index.php?rest_route=\/wp\/v2\/posts\/69290\/revisions\/69292"}],"wp:featuredmedia":[{"embeddable":true,"href":"https:\/\/www.egemtv.com\/index.php?rest_route=\/wp\/v2\/media\/69291"}],"wp:attachment":[{"href":"https:\/\/www.egemtv.com\/index.php?rest_route=%2Fwp%2Fv2%2Fmedia&parent=69290"}],"wp:term":[{"taxonomy":"category","embeddable":true,"href":"https:\/\/www.egemtv.com\/index.php?rest_route=%2Fwp%2Fv2%2Fcategories&post=69290"},{"taxonomy":"post_tag","embeddable":true,"href":"https:\/\/www.egemtv.com\/index.php?rest_route=%2Fwp%2Fv2%2Ftags&post=69290"}],"curies":[{"name":"wp","href":"https:\/\/api.w.org\/{rel}","templated":true}]}}