{"id":69287,"date":"2025-11-21T16:54:42","date_gmt":"2025-11-21T13:54:42","guid":{"rendered":"https:\/\/www.egemtv.com\/?p=69287"},"modified":"2025-11-21T16:54:43","modified_gmt":"2025-11-21T13:54:43","slug":"dto-denizlili-kadin-girisimcileri-bulusturdu","status":"publish","type":"post","link":"https:\/\/www.egemtv.com\/?p=69287","title":{"rendered":"DTO, Denizlili kad\u0131n giri\u015fimcileri bulu\u015fturdu"},"content":{"rendered":"<p>Denizli Ticaret Odas\u0131\u2019n\u0131n (DTO) koordinat\u00f6rl\u00fc\u011f\u00fcndeki T\u00fcrkiye Odalar ve Borsalar Birli\u011fi (TOBB) Denizli \u0130l Kad\u0131n Giri\u015fimciler Kurulu\u2019nun (KGK) Sanayide Kad\u0131n Eli Projesi kapsam\u0131nda Habitat Derne\u011fi\u2019nin i\u015f birli\u011fiyle ger\u00e7ekle\u015ftirdi\u011fi \u00fc\u00e7 g\u00fcnl\u00fck e\u011fitim ve bilgi payla\u015f\u0131m\u0131 program\u0131 sona erdi.<\/p>\n<p>DTO hizmet binas\u0131n\u0131n konferans salonundaki etkinli\u011fe, TOBB Denizli KGK \u0130l \u0130cra Kurulu Ba\u015fkan\u0131 Ayla Ta\u015f\u00e7\u0131o\u011flu ba\u015fta olmak \u00fczere TOBB Denizli \u0130l Kad\u0131n Giri\u015fimciler Kurulu \u0130cra Komitesi \u00fcyeleri ile ilgi duyan kad\u0131n giri\u015fimciler kat\u0131ld\u0131.<br \/>\n<br \/>Etkinli\u011fin ilk g\u00fcn\u00fcnde protokol konu\u015fmalar\u0131n\u0131n ard\u0131ndan &#8220;Ba\u015far\u0131 Hikayeleri: Kad\u0131n Giri\u015fimcili\u011fi&#8221; Paneli ger\u00e7ekle\u015ftirildi. Pamukkale \u00dcniversitesi (PA\u00dc) \u0130ktisadi \u0130dari Bilimler Fak\u00fcltesi\u2019nden (\u0130\u0130BF) Prof. Dr. Sabahat Bayrak K\u00f6k\u2019\u00fcn moderat\u00f6rl\u00fc\u011f\u00fcndeki panelde \u00f6rnek kad\u0131n giri\u015fimcilerden \u00c7isem Sar\u0131kaya, Melike Konyal\u0131o\u011flu, Fatma \u00c7elikkol Yavuzer, Ay\u015fen Do\u011frar, Filiz I\u015f\u0131kta\u015f ve Zeynep Demircio\u011flu, giri\u015fimcilik ser\u00fcvenlerini ayr\u0131nt\u0131lar\u0131yla anlatt\u0131.<\/p>\n<p>KADIN-SAN slogan\u0131yla hayata ge\u00e7irilen etkinli\u011fin ikinci g\u00fcn\u00fcn\u00fcn sabah oturumunda ise Habitat Kapsay\u0131c\u0131 B\u00fcy\u00fcme Program\u0131 Proje Asistan\u0131 Zeynep Ramazan, kat\u0131l\u0131mc\u0131lara Giri\u015fimciler \u0130\u00e7in E-Ticaret ve Dijital Pazarlama E\u011fitimi verdi. \u00d6\u011fleden sonraki oturumda da gen\u00e7 kad\u0131n giri\u015fimciler s\u00f6z ald\u0131 ve Hatice Avc\u0131, Hande Yiyen Aka ve G\u00fcl\u015fah Alt\u0131nta\u015f, PA\u00dc \u00d6\u011fretim \u00dcyesi Prof. Dr. Sabahat Bayrak K\u00f6k\u2019\u00fcn moderat\u00f6rl\u00fc\u011f\u00fcndeki panelde i\u015f tecr\u00fcbelerini payla\u015ft\u0131.<\/p>\n<p>Program\u0131n son g\u00fcn\u00fcnde, Habitat Sosyal Dayan\u0131kl\u0131l\u0131k Program\u0131 Direkt\u00f6r\u00fc Ersin Kopuz taraf\u0131ndan &#8220;Yapay Zeka Okuryazarl\u0131\u011f\u0131&#8221; E\u011fitimi verildi. De\u011fi\u015fim Senin Elinde ba\u015fl\u0131kl\u0131 panelde, Denizlili kad\u0131n giri\u015fimcilerden \u0130clal Mut\u00e7al\u0131, Elifnur Kaya ile \u00dclk\u00fc Arpa\u00e7\u2019\u0131n i\u015f hayatlar\u0131nda neler ya\u015fad\u0131klar\u0131n\u0131 anlatmas\u0131yla, KADIN-SAN etkinli\u011fi sona erdi.<\/p>\n<p>Ba\u015fkan Erdo\u011fan: &#8220;Kad\u0131nlar\u0131n her zaman yan\u0131nday\u0131z&#8221;<br \/>\n<br \/>DTO Ba\u015fkan\u0131 U\u011fur Erdo\u011fan, kad\u0131n giri\u015fimcilerin her zaman yan\u0131nda olduklar\u0131n\u0131 ve koordinat\u00f6rl\u00fc\u011f\u00fcn\u00fc \u00fcstlendikleri TOBB Denizli KGK ile g\u00fczel i\u015flere imza att\u0131klar\u0131n\u0131 s\u00f6yledi. Ba\u015fkan Erdo\u011fan, &#8220;Kad\u0131nlar\u0131n oldu\u011fu her i\u015fte ve her yerde biz de var\u0131z; her daim yanlar\u0131nday\u0131z. Kad\u0131nlar\u0131n \u00fcretim ve istihdamdaki varl\u0131\u011f\u0131, ekonomimizin b\u00fcy\u00fcmesine \u00f6nemli bir katk\u0131 sa\u011fl\u0131yor.  O nedenle Denizli Ticaret Odas\u0131 olarak kad\u0131nlar\u0131m\u0131z\u0131n giri\u015fimcilik yolculuklar\u0131nda her zaman destek\u00e7isiyiz. Sanayide Kad\u0131n Eli Projesi\u2019ni de bu kapsamda \u00e7ok de\u011ferli g\u00f6rd\u00fck ve uygulad\u0131k. Bu programdaki e\u011fitimler ve bilgi payla\u015f\u0131mlar\u0131n\u0131n, yeni kad\u0131n giri\u015fimcilerimize rehber olaca\u011f\u0131na ve y\u00f6n \u00e7izece\u011fine, mevcut kad\u0131n giri\u015fimcilerimizi de ki\u015fisel donan\u0131m ve mesleki e\u011fitim olarak daha da g\u00fc\u00e7lendirece\u011fine inan\u0131yoruz. Ba\u015fta KGK \u0130l \u0130cra Kurulu Ba\u015fkan\u0131m\u0131z Ayla Ta\u015f\u00e7\u0131o\u011flu olmak \u00fczere eme\u011fi ge\u00e7en ve katk\u0131 koyan herkese te\u015fekk\u00fcr ediyorum&#8221; dedi.<\/p>\n<p>KGK Ba\u015fkan\u0131 Ta\u015f\u00e7\u0131o\u011flu, Ba\u015fkan Erdo\u011fan\u2019a te\u015fekk\u00fcr etti<br \/>\n<br \/>TOBB Denizli KGK \u0130l \u0130cra Kurulu Ba\u015fkan\u0131 Ayla Ta\u015f\u00e7\u0131o\u011flu da etkinliklerini ba\u015far\u0131yla tamamlaman\u0131n mutlulu\u011funu ya\u015fad\u0131klar\u0131n\u0131 belirterek desteklerinden dolay\u0131 DTO Y\u00f6netim Kurulu Ba\u015fkan\u0131 U\u011fur Erdo\u011fan\u2019a te\u015fekk\u00fcr etti. Ta\u015f\u00e7\u0131o\u011flu, &#8220;Denizli Sanayide Kad\u0131n Eli Projemizin Kad\u0131n-San ad\u0131n\u0131 verdi\u011fimiz program\u0131n\u0131 hakk\u0131yla tamamlaman\u0131n sevincini ya\u015f\u0131yoruz. Kad\u0131n giri\u015fimcilerimizin hem bilgi hem de motivasyon anlam\u0131nda uzman isimlerden yeni bilgiler edinerek ve tecr\u00fcbe payla\u015f\u0131m\u0131nda bulunarak daha da g\u00fc\u00e7lendi\u011fi bu \u00fc\u00e7 g\u00fcnl\u00fck s\u00fcre\u00e7, hepimiz i\u00e7in \u00e7ok de\u011ferliydi. Organizasyonumuza verdikleri desteklerden dolay\u0131 ba\u015fta koordinat\u00f6r\u00fcm\u00fcz Denizli Ticaret Odas\u0131 Ba\u015fkan\u0131m\u0131z U\u011fur Erdo\u011fan olmak \u00fczere t\u00fcm payda\u015flar\u0131m\u0131za te\u015fekk\u00fcr ediyoruz. Kad\u0131nlar\u0131n \u00fcretimde, sanayide ve giri\u015fimcilikte daha g\u00f6r\u00fcn\u00fcr ve g\u00fc\u00e7l\u00fc olmas\u0131 i\u00e7in faaliyetlerimize kesintisiz devam edece\u011fiz. Bu b\u00fcy\u00fck aileye Denizli\u2019deki t\u00fcm kad\u0131nlar\u0131 bekliyoruz. Kad\u0131n giri\u015fimcilerimiz bir arada hareket ederek daha da g\u00fc\u00e7lensinler istiyoruz&#8221; diye konu\u015ftu.<br \/><\/p>\n","protected":false},"excerpt":{"rendered":"<p>Denizli Ticaret Odas\u0131\u2019n\u0131n (DTO) koordinat\u00f6rl\u00fc\u011f\u00fcndeki T\u00fcrkiye Odalar ve Borsalar Birli\u011fi (TOBB) Denizli \u0130l Kad\u0131n Giri\u015fimciler Kurulu\u2019nun (KGK) Sanayide Kad\u0131n Eli Projesi kapsam\u0131nda Habitat Derne\u011fi\u2019nin i\u015f birli\u011fiyle ger\u00e7ekle\u015ftirdi\u011fi \u00fc\u00e7 g\u00fcnl\u00fck e\u011fitim ve bilgi payla\u015f\u0131m\u0131 program\u0131 sona erdi. DTO hizmet binas\u0131n\u0131n konferans salonundaki etkinli\u011fe, TOBB Denizli KGK \u0130l \u0130cra Kurulu Ba\u015fkan\u0131 Ayla Ta\u015f\u00e7\u0131o\u011flu ba\u015fta olmak \u00fczere TOBB&#8230;<\/p>\n","protected":false},"author":1,"featured_media":69288,"comment_status":"open","ping_status":"open","sticky":false,"template":"","format":"standard","meta":{"_crdt_document":"","footnotes":""},"categories":[125],"tags":[],"class_list":["post-69287","post","type-post","status-publish","format-standard","has-post-thumbnail","hentry","category-ekonomi"],"_links":{"self":[{"href":"https:\/\/www.egemtv.com\/index.php?rest_route=\/wp\/v2\/posts\/69287","targetHints":{"allow":["GET"]}}],"collection":[{"href":"https:\/\/www.egemtv.com\/index.php?rest_route=\/wp\/v2\/posts"}],"about":[{"href":"https:\/\/www.egemtv.com\/index.php?rest_route=\/wp\/v2\/types\/post"}],"author":[{"embeddable":true,"href":"https:\/\/www.egemtv.com\/index.php?rest_route=\/wp\/v2\/users\/1"}],"replies":[{"embeddable":true,"href":"https:\/\/www.egemtv.com\/index.php?rest_route=%2Fwp%2Fv2%2Fcomments&post=69287"}],"version-history":[{"count":1,"href":"https:\/\/www.egemtv.com\/index.php?rest_route=\/wp\/v2\/posts\/69287\/revisions"}],"predecessor-version":[{"id":69289,"href":"https:\/\/www.egemtv.com\/index.php?rest_route=\/wp\/v2\/posts\/69287\/revisions\/69289"}],"wp:featuredmedia":[{"embeddable":true,"href":"https:\/\/www.egemtv.com\/index.php?rest_route=\/wp\/v2\/media\/69288"}],"wp:attachment":[{"href":"https:\/\/www.egemtv.com\/index.php?rest_route=%2Fwp%2Fv2%2Fmedia&parent=69287"}],"wp:term":[{"taxonomy":"category","embeddable":true,"href":"https:\/\/www.egemtv.com\/index.php?rest_route=%2Fwp%2Fv2%2Fcategories&post=69287"},{"taxonomy":"post_tag","embeddable":true,"href":"https:\/\/www.egemtv.com\/index.php?rest_route=%2Fwp%2Fv2%2Ftags&post=69287"}],"curies":[{"name":"wp","href":"https:\/\/api.w.org\/{rel}","templated":true}]}}