{"id":69284,"date":"2025-11-21T16:35:37","date_gmt":"2025-11-21T13:35:37","guid":{"rendered":"https:\/\/www.egemtv.com\/?p=69284"},"modified":"2025-11-21T16:35:38","modified_gmt":"2025-11-21T13:35:38","slug":"hemsball-turkiye-sampiyonasi-nazillide-basladi","status":"publish","type":"post","link":"https:\/\/www.egemtv.com\/?p=69284","title":{"rendered":"Hemsball T\u00fcrkiye \u015eampiyonas\u0131 Nazilli\u2019de ba\u015flad\u0131"},"content":{"rendered":"<p>2. Hemsball T\u00fcrkiye \u015eampiyonas\u0131 30 tak\u0131m ve 140 sporcunun kat\u0131l\u0131m\u0131yla Ayd\u0131n\u2019\u0131n ev sahipli\u011finde ba\u015flad\u0131.<br \/>\n<br \/>T\u00fcrkiye Geli\u015fmekte Olan Spor Bran\u015flar\u0131 Federasyonu taraf\u0131ndan, Ayd\u0131n Gen\u00e7lik ve Spor \u0130l M\u00fcd\u00fcrl\u00fc\u011f\u00fc koordinasyonunda d\u00fczenlenen 2. K\u0131z-Erkek Gen\u00e7ler ve B\u00fcy\u00fckler Hemsball T\u00fcrkiye \u015eampiyonas\u0131, Nazilli R\u0131dvan Dilmen Spor Salonu\u2019nda ba\u015flad\u0131. \u015eampiyonan\u0131n a\u00e7\u0131l\u0131\u015f\u0131 Nazilli Kaymakam\u0131 Huriye K\u00fcpeli Kan, Nazilli Belediye Ba\u015fkan\u0131 Ertu\u011frul Tetik ve Ayd\u0131n Gen\u00e7lik ve Spor \u0130l M\u00fcd\u00fcr\u00fc Serhat Y\u0131\u011fmatepe taraf\u0131ndan yap\u0131ld\u0131. Organizasyon, ger\u00e7ekle\u015ftirilen teknik toplant\u0131 ile resmen start al\u0131rken, T\u00fcrkiye\u2019nin farkl\u0131 illerinden gelen 30 tak\u0131m ve 140 sporcu, \u00fc\u00e7 g\u00fcn boyunca hem bireysel hem de tak\u0131m kategorilerinde dereceye girebilmek i\u00e7in k\u0131yas\u0131ya m\u00fccadele edecek. Hemsball\u2019\u0131n \u00fclke genelinde yayg\u0131nla\u015fmas\u0131na katk\u0131 sunan \u015fampiyonan\u0131n, sporcular\u0131 ve sporseverleri Nazilli\u2019de bir araya getirdi\u011fini ifade eden Ayd\u0131n Gen\u00e7lik ve Spor \u0130l M\u00fcd\u00fcrl\u00fc\u011f\u00fc yapt\u0131\u011f\u0131 a\u00e7\u0131klamada &#8220;Hemsball\u2019\u0131n \u00fclke genelindeki yayg\u0131nla\u015fmas\u0131na katk\u0131 sa\u011flayan \u015fampiyona, \u00fc\u00e7 g\u00fcn boyunca sporseverleri bir araya getirmeye devam edecek. Organizasyona kat\u0131lan sporcular\u0131n ortaya koyaca\u011f\u0131 performanslar\u0131n, bran\u015f\u0131n geli\u015fimine \u00f6nemli \u00f6l\u00e7\u00fcde katk\u0131 sunmas\u0131 beklenirken, etkinli\u011fin sa\u011fl\u0131kl\u0131 ve verimli \u015fekilde ilerlemesi ad\u0131na t\u00fcm \u00e7al\u0131\u015fmalar\u0131m\u0131z titizlikle s\u00fcrd\u00fcr\u00fcl\u00fcyor&#8221; ifadeleri yer ald\u0131.<br \/><\/p>\n","protected":false},"excerpt":{"rendered":"<p>2. Hemsball T\u00fcrkiye \u015eampiyonas\u0131 30 tak\u0131m ve 140 sporcunun kat\u0131l\u0131m\u0131yla Ayd\u0131n\u2019\u0131n ev sahipli\u011finde ba\u015flad\u0131. T\u00fcrkiye Geli\u015fmekte Olan Spor Bran\u015flar\u0131 Federasyonu taraf\u0131ndan, Ayd\u0131n Gen\u00e7lik ve Spor \u0130l M\u00fcd\u00fcrl\u00fc\u011f\u00fc koordinasyonunda d\u00fczenlenen 2. K\u0131z-Erkek Gen\u00e7ler ve B\u00fcy\u00fckler Hemsball T\u00fcrkiye \u015eampiyonas\u0131, Nazilli R\u0131dvan Dilmen Spor Salonu\u2019nda ba\u015flad\u0131. \u015eampiyonan\u0131n a\u00e7\u0131l\u0131\u015f\u0131 Nazilli Kaymakam\u0131 Huriye K\u00fcpeli Kan, Nazilli Belediye Ba\u015fkan\u0131 Ertu\u011frul Tetik&#8230;<\/p>\n","protected":false},"author":1,"featured_media":69285,"comment_status":"open","ping_status":"open","sticky":false,"template":"","format":"standard","meta":{"_crdt_document":"","footnotes":""},"categories":[4],"tags":[],"class_list":["post-69284","post","type-post","status-publish","format-standard","has-post-thumbnail","hentry","category-spor"],"_links":{"self":[{"href":"https:\/\/www.egemtv.com\/index.php?rest_route=\/wp\/v2\/posts\/69284","targetHints":{"allow":["GET"]}}],"collection":[{"href":"https:\/\/www.egemtv.com\/index.php?rest_route=\/wp\/v2\/posts"}],"about":[{"href":"https:\/\/www.egemtv.com\/index.php?rest_route=\/wp\/v2\/types\/post"}],"author":[{"embeddable":true,"href":"https:\/\/www.egemtv.com\/index.php?rest_route=\/wp\/v2\/users\/1"}],"replies":[{"embeddable":true,"href":"https:\/\/www.egemtv.com\/index.php?rest_route=%2Fwp%2Fv2%2Fcomments&post=69284"}],"version-history":[{"count":1,"href":"https:\/\/www.egemtv.com\/index.php?rest_route=\/wp\/v2\/posts\/69284\/revisions"}],"predecessor-version":[{"id":69286,"href":"https:\/\/www.egemtv.com\/index.php?rest_route=\/wp\/v2\/posts\/69284\/revisions\/69286"}],"wp:featuredmedia":[{"embeddable":true,"href":"https:\/\/www.egemtv.com\/index.php?rest_route=\/wp\/v2\/media\/69285"}],"wp:attachment":[{"href":"https:\/\/www.egemtv.com\/index.php?rest_route=%2Fwp%2Fv2%2Fmedia&parent=69284"}],"wp:term":[{"taxonomy":"category","embeddable":true,"href":"https:\/\/www.egemtv.com\/index.php?rest_route=%2Fwp%2Fv2%2Fcategories&post=69284"},{"taxonomy":"post_tag","embeddable":true,"href":"https:\/\/www.egemtv.com\/index.php?rest_route=%2Fwp%2Fv2%2Ftags&post=69284"}],"curies":[{"name":"wp","href":"https:\/\/api.w.org\/{rel}","templated":true}]}}