{"id":69281,"date":"2025-11-21T16:35:36","date_gmt":"2025-11-21T13:35:36","guid":{"rendered":"https:\/\/www.egemtv.com\/?p=69281"},"modified":"2025-11-21T16:35:37","modified_gmt":"2025-11-21T13:35:37","slug":"izinsiz-kazi-yapan-5-kisi-sucustu-yakalandi","status":"publish","type":"post","link":"https:\/\/www.egemtv.com\/?p=69281","title":{"rendered":"\u0130zinsiz kaz\u0131 yapan 5 ki\u015fi su\u00e7\u00fcst\u00fc yakaland\u0131"},"content":{"rendered":"<p>Ayd\u0131n\u2019\u0131n Germencik il\u00e7esinde ka\u00e7ak kaz\u0131 yapan 5 ki\u015fi, jandarma ekiplerince su\u00e7\u00fcst\u00fc yakaland\u0131.<\/p>\n<p>Ayd\u0131n\u2019\u0131n Germencik il\u00e7esinde tarihi eser ka\u00e7ak\u00e7\u0131l\u0131\u011f\u0131n\u0131 \u00f6nlemek amac\u0131yla \u00e7al\u0131\u015fma ger\u00e7ekle\u015ftirildi. Edinilen bilgiye g\u00f6re ekipler, 5 ki\u015finin izinsiz kaz\u0131 yapt\u0131\u011f\u0131n\u0131 tespit etti. Harekete ge\u00e7en ekipler \u015f\u00fcphelileri su\u00e7\u00fcst\u00fc yakalad\u0131. Olay yerinde ve ara\u00e7larda yap\u0131lan aramalarda 1 adet yeralt\u0131 g\u00f6r\u00fcnt\u00fcleme cihaz\u0131, 1 adet g\u00f6r\u00fcnt\u00fcleme cihaz\u0131na ba\u011fl\u0131 bilgisayar, 2 adet yeralt\u0131 izleme cihaz\u0131 (Y\u0131lan Kamera), 1 adet karot cihaz\u0131, 22 adet toplam 16,5 metre karot \u00e7ubu\u011fu ve s\u00f6kme aparat\u0131, 4 adet define arama \u00e7ubu\u011fu ve muhtelif kaz\u0131 ekipmanlar\u0131 olmak \u00fczere tarihi eser ka\u00e7ak\u00e7\u0131l\u0131\u011f\u0131nda kullan\u0131lmak \u00fczere haz\u0131rlanan \u00e7ok say\u0131da malzeme ele ge\u00e7irildi. Ele ge\u00e7irilen malzemeler muhafaza alt\u0131na al\u0131n\u0131rken, su\u00e7\u00fcst\u00fc yakalanan \u015f\u00fcpheliler hakk\u0131nda adli i\u015flem ba\u015flat\u0131ld\u0131.<br \/><\/p>\n","protected":false},"excerpt":{"rendered":"<p>Ayd\u0131n\u2019\u0131n Germencik il\u00e7esinde ka\u00e7ak kaz\u0131 yapan 5 ki\u015fi, jandarma ekiplerince su\u00e7\u00fcst\u00fc yakaland\u0131. Ayd\u0131n\u2019\u0131n Germencik il\u00e7esinde tarihi eser ka\u00e7ak\u00e7\u0131l\u0131\u011f\u0131n\u0131 \u00f6nlemek amac\u0131yla \u00e7al\u0131\u015fma ger\u00e7ekle\u015ftirildi. Edinilen bilgiye g\u00f6re ekipler, 5 ki\u015finin izinsiz kaz\u0131 yapt\u0131\u011f\u0131n\u0131 tespit etti. Harekete ge\u00e7en ekipler \u015f\u00fcphelileri su\u00e7\u00fcst\u00fc yakalad\u0131. Olay yerinde ve ara\u00e7larda yap\u0131lan aramalarda 1 adet yeralt\u0131 g\u00f6r\u00fcnt\u00fcleme cihaz\u0131, 1 adet g\u00f6r\u00fcnt\u00fcleme cihaz\u0131na ba\u011fl\u0131&#8230;<\/p>\n","protected":false},"author":1,"featured_media":69282,"comment_status":"open","ping_status":"open","sticky":false,"template":"","format":"standard","meta":{"_crdt_document":"","footnotes":""},"categories":[5],"tags":[],"class_list":["post-69281","post","type-post","status-publish","format-standard","has-post-thumbnail","hentry","category-asayis"],"_links":{"self":[{"href":"https:\/\/www.egemtv.com\/index.php?rest_route=\/wp\/v2\/posts\/69281","targetHints":{"allow":["GET"]}}],"collection":[{"href":"https:\/\/www.egemtv.com\/index.php?rest_route=\/wp\/v2\/posts"}],"about":[{"href":"https:\/\/www.egemtv.com\/index.php?rest_route=\/wp\/v2\/types\/post"}],"author":[{"embeddable":true,"href":"https:\/\/www.egemtv.com\/index.php?rest_route=\/wp\/v2\/users\/1"}],"replies":[{"embeddable":true,"href":"https:\/\/www.egemtv.com\/index.php?rest_route=%2Fwp%2Fv2%2Fcomments&post=69281"}],"version-history":[{"count":1,"href":"https:\/\/www.egemtv.com\/index.php?rest_route=\/wp\/v2\/posts\/69281\/revisions"}],"predecessor-version":[{"id":69283,"href":"https:\/\/www.egemtv.com\/index.php?rest_route=\/wp\/v2\/posts\/69281\/revisions\/69283"}],"wp:featuredmedia":[{"embeddable":true,"href":"https:\/\/www.egemtv.com\/index.php?rest_route=\/wp\/v2\/media\/69282"}],"wp:attachment":[{"href":"https:\/\/www.egemtv.com\/index.php?rest_route=%2Fwp%2Fv2%2Fmedia&parent=69281"}],"wp:term":[{"taxonomy":"category","embeddable":true,"href":"https:\/\/www.egemtv.com\/index.php?rest_route=%2Fwp%2Fv2%2Fcategories&post=69281"},{"taxonomy":"post_tag","embeddable":true,"href":"https:\/\/www.egemtv.com\/index.php?rest_route=%2Fwp%2Fv2%2Ftags&post=69281"}],"curies":[{"name":"wp","href":"https:\/\/api.w.org\/{rel}","templated":true}]}}