{"id":69278,"date":"2025-11-21T16:35:36","date_gmt":"2025-11-21T13:35:36","guid":{"rendered":"https:\/\/www.egemtv.com\/?p=69278"},"modified":"2025-11-21T16:35:36","modified_gmt":"2025-11-21T13:35:36","slug":"akdeniz-koruma-derneginden-dunya-balikcilik-gunu-mesaji","status":"publish","type":"post","link":"https:\/\/www.egemtv.com\/?p=69278","title":{"rendered":"Akdeniz Koruma Derne\u011fi\u2019nden \u2018D\u00fcnya Bal\u0131k\u00e7\u0131l\u0131k G\u00fcn\u00fc\u2019 mesaj\u0131"},"content":{"rendered":"<p>D\u00fcnya Su \u00dcr\u00fcnleri Yeti\u015ftiricileri ve Bal\u0131k\u00e7\u0131lar Forumu\u2019nun 1997\u2019de Yeni Delhi\u2019de ald\u0131\u011f\u0131 kararla 21 Kas\u0131m tarihi D\u00fcnya Bal\u0131k\u00e7\u0131l\u0131k G\u00fcn\u00fc olarak kutlan\u0131yor. D\u00fcnya Bal\u0131k\u00e7\u0131l\u0131k G\u00fcn\u00fc nedeniyle Akdeniz Koruma Derne\u011fi mesaj yay\u0131mlad\u0131.<br \/>\n<br \/>AKD mesaj\u0131nda, &#8220;Denizler; milyarlarca insan i\u00e7in besin kayna\u011f\u0131, ge\u00e7im arac\u0131 ve iklim dengesinin temel unsuru. Ge\u00e7imi denize ba\u011fl\u0131, Akdeniz\u2019in k\u00fc\u00e7\u00fck \u00f6l\u00e7ekli bal\u0131k\u00e7\u0131lar\u0131 ise hem deniz koruma \u00e7al\u0131\u015fmalar\u0131n\u0131n \u00f6nemli bir payda\u015f\u0131 hem de k\u00fclt\u00fcrel miras\u0131m\u0131z\u0131n ayr\u0131lmaz bir par\u00e7as\u0131. K\u00fc\u00e7\u00fck \u00f6l\u00e7ekli bal\u0131k\u00e7\u0131lar, denizle kurduklar\u0131 g\u00fc\u00e7l\u00fc ba\u011f ve ku\u015faktan ku\u015fa\u011fa aktar\u0131lan yerel bilgileriyle, s\u00fcrd\u00fcr\u00fclebilir bal\u0131k\u00e7\u0131l\u0131\u011f\u0131n temelini olu\u015fturuyor. Onlar, deniz ekosistemlerinin sa\u011fl\u0131\u011f\u0131n\u0131 en yak\u0131ndan g\u00f6zlemleyen; denizin ritmini ve canl\u0131lar\u0131n\u0131 en iyi bilen insanlar. Bu nedenle, deniz koruma \u00e7al\u0131\u015fmalar\u0131nda onlar\u0131n deneyimi ve kat\u0131l\u0131m\u0131 vazge\u00e7ilmez bir yere sahip. Ancak bug\u00fcn, bal\u0131k\u00e7\u0131l\u0131k hem iklim de\u011fi\u015fikli\u011finin, hem de a\u015f\u0131r\u0131 ve yasa d\u0131\u015f\u0131 avc\u0131l\u0131\u011f\u0131n bask\u0131s\u0131 alt\u0131nda. Bu durum, sadece deniz t\u00fcrlerini de\u011fil, bal\u0131k\u00e7\u0131lar\u0131n ya\u015fam bi\u00e7imlerini de tehdit ediyor. Akdeniz Koruma Derne\u011fi olarak, G\u00f6kova K\u00f6rfezi, Fethiye-G\u00f6cek, Dat\u00e7a-Bozburun ve Ka\u015f-Kekova b\u00f6lgelerinde yerel bal\u0131k\u00e7\u0131larla birlikte \u00e7al\u0131\u015f\u0131yor; onlar\u0131n bilgisi ve kat\u0131l\u0131m\u0131yla do\u011fa ve topluluk temelli deniz koruma modelleri geli\u015ftiriyoruz. Bu alanlarda y\u00fcr\u00fct\u00fclen uzun d\u00f6nemli izleme \u00e7al\u0131\u015fmalar\u0131, bal\u0131k t\u00fcr \u00e7e\u015fitlili\u011finde ve biyok\u00fctlede \u00f6nemli art\u0131\u015flar sa\u011flarken; yerel topluluklar\u0131n ge\u00e7im kaynaklar\u0131n\u0131 da g\u00fc\u00e7lendiriyor. Amac\u0131m\u0131z; k\u00fc\u00e7\u00fck \u00f6l\u00e7ekli bal\u0131k\u00e7\u0131l\u0131\u011f\u0131 desteklemek, hem denizlerin gelece\u011fini hem de denizle ya\u015fayan topluluklar\u0131n k\u00fclt\u00fcrel miras\u0131n\u0131 korumakt\u0131r. \u00c7\u00fcnk\u00fc denizleri korumak, gelece\u011fimizi korumakt\u0131r&#8221; denildi.<br \/><\/p>\n","protected":false},"excerpt":{"rendered":"<p>D\u00fcnya Su \u00dcr\u00fcnleri Yeti\u015ftiricileri ve Bal\u0131k\u00e7\u0131lar Forumu\u2019nun 1997\u2019de Yeni Delhi\u2019de ald\u0131\u011f\u0131 kararla 21 Kas\u0131m tarihi D\u00fcnya Bal\u0131k\u00e7\u0131l\u0131k G\u00fcn\u00fc olarak kutlan\u0131yor. D\u00fcnya Bal\u0131k\u00e7\u0131l\u0131k G\u00fcn\u00fc nedeniyle Akdeniz Koruma Derne\u011fi mesaj yay\u0131mlad\u0131. AKD mesaj\u0131nda, &#8220;Denizler; milyarlarca insan i\u00e7in besin kayna\u011f\u0131, ge\u00e7im arac\u0131 ve iklim dengesinin temel unsuru. Ge\u00e7imi denize ba\u011fl\u0131, Akdeniz\u2019in k\u00fc\u00e7\u00fck \u00f6l\u00e7ekli bal\u0131k\u00e7\u0131lar\u0131 ise hem deniz koruma&#8230;<\/p>\n","protected":false},"author":1,"featured_media":69279,"comment_status":"open","ping_status":"open","sticky":false,"template":"","format":"standard","meta":{"_crdt_document":"","footnotes":""},"categories":[1],"tags":[],"class_list":["post-69278","post","type-post","status-publish","format-standard","has-post-thumbnail","hentry","category-guncel"],"_links":{"self":[{"href":"https:\/\/www.egemtv.com\/index.php?rest_route=\/wp\/v2\/posts\/69278","targetHints":{"allow":["GET"]}}],"collection":[{"href":"https:\/\/www.egemtv.com\/index.php?rest_route=\/wp\/v2\/posts"}],"about":[{"href":"https:\/\/www.egemtv.com\/index.php?rest_route=\/wp\/v2\/types\/post"}],"author":[{"embeddable":true,"href":"https:\/\/www.egemtv.com\/index.php?rest_route=\/wp\/v2\/users\/1"}],"replies":[{"embeddable":true,"href":"https:\/\/www.egemtv.com\/index.php?rest_route=%2Fwp%2Fv2%2Fcomments&post=69278"}],"version-history":[{"count":1,"href":"https:\/\/www.egemtv.com\/index.php?rest_route=\/wp\/v2\/posts\/69278\/revisions"}],"predecessor-version":[{"id":69280,"href":"https:\/\/www.egemtv.com\/index.php?rest_route=\/wp\/v2\/posts\/69278\/revisions\/69280"}],"wp:featuredmedia":[{"embeddable":true,"href":"https:\/\/www.egemtv.com\/index.php?rest_route=\/wp\/v2\/media\/69279"}],"wp:attachment":[{"href":"https:\/\/www.egemtv.com\/index.php?rest_route=%2Fwp%2Fv2%2Fmedia&parent=69278"}],"wp:term":[{"taxonomy":"category","embeddable":true,"href":"https:\/\/www.egemtv.com\/index.php?rest_route=%2Fwp%2Fv2%2Fcategories&post=69278"},{"taxonomy":"post_tag","embeddable":true,"href":"https:\/\/www.egemtv.com\/index.php?rest_route=%2Fwp%2Fv2%2Ftags&post=69278"}],"curies":[{"name":"wp","href":"https:\/\/api.w.org\/{rel}","templated":true}]}}