{"id":69275,"date":"2025-11-21T16:35:35","date_gmt":"2025-11-21T13:35:35","guid":{"rendered":"https:\/\/www.egemtv.com\/?p=69275"},"modified":"2025-11-21T16:35:35","modified_gmt":"2025-11-21T13:35:35","slug":"ortacada-ev-ve-ahir-yangini","status":"publish","type":"post","link":"https:\/\/www.egemtv.com\/?p=69275","title":{"rendered":"Ortaca\u2019da ev ve ah\u0131r yang\u0131n\u0131"},"content":{"rendered":"<p>Mu\u011fla\u2019n\u0131n Ortaca il\u00e7esinde \u00e7\u0131kan yang\u0131n itfaiye ekipleri taraf\u0131ndan s\u00f6nd\u00fcr\u00fcl\u00fcrken, ah\u0131r kullan\u0131lmaz hale gelirken evde maddi hasar olu\u015ftu.<\/p>\n<p>Yang\u0131n, \u00c7ayl\u0131 Mahallesi 491 sokakta bug\u00fcn saat 15.15 sular\u0131nda meydana geldi. Edinilen bilgiye g\u00f6re, ah\u0131rdaki hayvanlar\u0131n\u0131 otlatmak i\u00e7in d\u0131\u015far\u0131 \u00e7\u0131karan G.T., geri d\u00f6nd\u00fc\u011f\u00fcnde ah\u0131r\u0131n alev ald\u0131\u011f\u0131n\u0131 fark ederek durumu itfaiye ekiplerine bildirdi. K\u0131sa s\u00fcrede olay yerine gelen \u00e7ok say\u0131da itfaiye ekibi yang\u0131na m\u00fcdahale etti. Ah\u0131r tamamen yanarken, biti\u015fikteki evin bir b\u00f6l\u00fcm\u00fcn\u00fcn de zarar g\u00f6rd\u00fc\u011f\u00fc tespit edildi. Yang\u0131nda herhangi bir can kayb\u0131n\u0131n ya\u015fanmamas\u0131 ise b\u00fcy\u00fck bir teselli oldu.<\/p>\n<p>Olayla ilgili inceleme ba\u015flat\u0131ld\u0131.<br \/><\/p>\n","protected":false},"excerpt":{"rendered":"<p>Mu\u011fla\u2019n\u0131n Ortaca il\u00e7esinde \u00e7\u0131kan yang\u0131n itfaiye ekipleri taraf\u0131ndan s\u00f6nd\u00fcr\u00fcl\u00fcrken, ah\u0131r kullan\u0131lmaz hale gelirken evde maddi hasar olu\u015ftu. Yang\u0131n, \u00c7ayl\u0131 Mahallesi 491 sokakta bug\u00fcn saat 15.15 sular\u0131nda meydana geldi. Edinilen bilgiye g\u00f6re, ah\u0131rdaki hayvanlar\u0131n\u0131 otlatmak i\u00e7in d\u0131\u015far\u0131 \u00e7\u0131karan G.T., geri d\u00f6nd\u00fc\u011f\u00fcnde ah\u0131r\u0131n alev ald\u0131\u011f\u0131n\u0131 fark ederek durumu itfaiye ekiplerine bildirdi. K\u0131sa s\u00fcrede olay yerine gelen \u00e7ok&#8230;<\/p>\n","protected":false},"author":1,"featured_media":69276,"comment_status":"open","ping_status":"open","sticky":false,"template":"","format":"standard","meta":{"_crdt_document":"","footnotes":""},"categories":[5],"tags":[],"class_list":["post-69275","post","type-post","status-publish","format-standard","has-post-thumbnail","hentry","category-asayis"],"_links":{"self":[{"href":"https:\/\/www.egemtv.com\/index.php?rest_route=\/wp\/v2\/posts\/69275","targetHints":{"allow":["GET"]}}],"collection":[{"href":"https:\/\/www.egemtv.com\/index.php?rest_route=\/wp\/v2\/posts"}],"about":[{"href":"https:\/\/www.egemtv.com\/index.php?rest_route=\/wp\/v2\/types\/post"}],"author":[{"embeddable":true,"href":"https:\/\/www.egemtv.com\/index.php?rest_route=\/wp\/v2\/users\/1"}],"replies":[{"embeddable":true,"href":"https:\/\/www.egemtv.com\/index.php?rest_route=%2Fwp%2Fv2%2Fcomments&post=69275"}],"version-history":[{"count":1,"href":"https:\/\/www.egemtv.com\/index.php?rest_route=\/wp\/v2\/posts\/69275\/revisions"}],"predecessor-version":[{"id":69277,"href":"https:\/\/www.egemtv.com\/index.php?rest_route=\/wp\/v2\/posts\/69275\/revisions\/69277"}],"wp:featuredmedia":[{"embeddable":true,"href":"https:\/\/www.egemtv.com\/index.php?rest_route=\/wp\/v2\/media\/69276"}],"wp:attachment":[{"href":"https:\/\/www.egemtv.com\/index.php?rest_route=%2Fwp%2Fv2%2Fmedia&parent=69275"}],"wp:term":[{"taxonomy":"category","embeddable":true,"href":"https:\/\/www.egemtv.com\/index.php?rest_route=%2Fwp%2Fv2%2Fcategories&post=69275"},{"taxonomy":"post_tag","embeddable":true,"href":"https:\/\/www.egemtv.com\/index.php?rest_route=%2Fwp%2Fv2%2Ftags&post=69275"}],"curies":[{"name":"wp","href":"https:\/\/api.w.org\/{rel}","templated":true}]}}