{"id":69272,"date":"2025-11-21T16:14:57","date_gmt":"2025-11-21T13:14:57","guid":{"rendered":"https:\/\/www.egemtv.com\/?p=69272"},"modified":"2025-11-21T16:14:58","modified_gmt":"2025-11-21T13:14:58","slug":"tarlada-bulunan-top-mermisi-imha-edildi","status":"publish","type":"post","link":"https:\/\/www.egemtv.com\/?p=69272","title":{"rendered":"Tarlada bulunan top mermisi imha edildi"},"content":{"rendered":"<p>Ayd\u0131n\u2019\u0131n Nazilli il\u00e7esinde bir vatanda\u015f\u0131n tarlada \u00e7al\u0131\u015f\u0131rken buldu\u011fu top mermisi g\u00fcvenlik tedbirleri al\u0131narak imha edildi.<br \/>\n<br \/>Ayd\u0131n \u0130l Jandarma Komutanl\u0131\u011f\u0131nca; Nazilli \u0130l\u00e7esi \u0130sabeyli Mahallesinde 20 Kas\u0131m 2025 g\u00fcn\u00fc ger\u00e7ekle\u015ftirilen ihbar de\u011ferlendirme faaliyeti kapsam\u0131nda, bir vatanda\u015f\u0131n tarlas\u0131nda \u00e7al\u0131\u015f\u0131rken bir adet top mermisi buldu\u011funu bildirmesi \u00fczerine b\u00f6lgeye ekip sevk edildi. Yap\u0131lan ilk incelemede, bulunan m\u00fchimmat\u0131n patlamam\u0131\u015f oldu\u011fu, \u00fczerinde men\u015feine ili\u015fkin herhangi bir ibare bulunmad\u0131\u011f\u0131 ve muhtemelen sava\u015f d\u00f6neminden kald\u0131\u011f\u0131n\u0131n de\u011ferlendirildi\u011fi tespit edildi. Nazilli \u0130l\u00e7esinde Cumhuriyet Savc\u0131s\u0131n\u0131n talimat\u0131 do\u011frultusunda yap\u0131lan detayl\u0131 inceleme neticesinde; m\u00fchimmat\u0131n Kurtulu\u015f Sava\u015f\u0131 d\u00f6neminden kald\u0131\u011f\u0131 de\u011ferlendirilen, korozyona u\u011fram\u0131\u015f 100 mm top\u00e7u m\u00fchimmat\u0131 oldu\u011fu belirlendi. S\u00f6z konusu m\u00fchimmat, Ayd\u0131n \u0130l Jandarma Komutanl\u0131\u011f\u0131 PAM\u0130T ekiplerince gerekli g\u00fcvenlik tedbirleri al\u0131narak Ocakl\u0131 Mahallesi Yeni Volkan Madencilik patlatma alan\u0131nda kontroll\u00fc \u015fekilde imha edilerek tamamen etkisiz hale getirildi.<br \/><\/p>\n","protected":false},"excerpt":{"rendered":"<p>Ayd\u0131n\u2019\u0131n Nazilli il\u00e7esinde bir vatanda\u015f\u0131n tarlada \u00e7al\u0131\u015f\u0131rken buldu\u011fu top mermisi g\u00fcvenlik tedbirleri al\u0131narak imha edildi. Ayd\u0131n \u0130l Jandarma Komutanl\u0131\u011f\u0131nca; Nazilli \u0130l\u00e7esi \u0130sabeyli Mahallesinde 20 Kas\u0131m 2025 g\u00fcn\u00fc ger\u00e7ekle\u015ftirilen ihbar de\u011ferlendirme faaliyeti kapsam\u0131nda, bir vatanda\u015f\u0131n tarlas\u0131nda \u00e7al\u0131\u015f\u0131rken bir adet top mermisi buldu\u011funu bildirmesi \u00fczerine b\u00f6lgeye ekip sevk edildi. Yap\u0131lan ilk incelemede, bulunan m\u00fchimmat\u0131n patlamam\u0131\u015f oldu\u011fu, \u00fczerinde&#8230;<\/p>\n","protected":false},"author":1,"featured_media":69273,"comment_status":"open","ping_status":"open","sticky":false,"template":"","format":"standard","meta":{"_crdt_document":"","footnotes":""},"categories":[5],"tags":[],"class_list":["post-69272","post","type-post","status-publish","format-standard","has-post-thumbnail","hentry","category-asayis"],"_links":{"self":[{"href":"https:\/\/www.egemtv.com\/index.php?rest_route=\/wp\/v2\/posts\/69272","targetHints":{"allow":["GET"]}}],"collection":[{"href":"https:\/\/www.egemtv.com\/index.php?rest_route=\/wp\/v2\/posts"}],"about":[{"href":"https:\/\/www.egemtv.com\/index.php?rest_route=\/wp\/v2\/types\/post"}],"author":[{"embeddable":true,"href":"https:\/\/www.egemtv.com\/index.php?rest_route=\/wp\/v2\/users\/1"}],"replies":[{"embeddable":true,"href":"https:\/\/www.egemtv.com\/index.php?rest_route=%2Fwp%2Fv2%2Fcomments&post=69272"}],"version-history":[{"count":1,"href":"https:\/\/www.egemtv.com\/index.php?rest_route=\/wp\/v2\/posts\/69272\/revisions"}],"predecessor-version":[{"id":69274,"href":"https:\/\/www.egemtv.com\/index.php?rest_route=\/wp\/v2\/posts\/69272\/revisions\/69274"}],"wp:featuredmedia":[{"embeddable":true,"href":"https:\/\/www.egemtv.com\/index.php?rest_route=\/wp\/v2\/media\/69273"}],"wp:attachment":[{"href":"https:\/\/www.egemtv.com\/index.php?rest_route=%2Fwp%2Fv2%2Fmedia&parent=69272"}],"wp:term":[{"taxonomy":"category","embeddable":true,"href":"https:\/\/www.egemtv.com\/index.php?rest_route=%2Fwp%2Fv2%2Fcategories&post=69272"},{"taxonomy":"post_tag","embeddable":true,"href":"https:\/\/www.egemtv.com\/index.php?rest_route=%2Fwp%2Fv2%2Ftags&post=69272"}],"curies":[{"name":"wp","href":"https:\/\/api.w.org\/{rel}","templated":true}]}}