{"id":6909,"date":"2025-01-11T14:45:07","date_gmt":"2025-01-11T11:45:07","guid":{"rendered":"https:\/\/www.egemtv.com\/?p=6909"},"modified":"2025-01-11T14:45:16","modified_gmt":"2025-01-11T11:45:16","slug":"muglaspor-antalya-kampini-beraberlikle-noktaladi","status":"publish","type":"post","link":"https:\/\/www.egemtv.com\/?p=6909","title":{"rendered":"Mu\u011flaspor Antalya kamp\u0131n\u0131 beraberlikle noktalad\u0131"},"content":{"rendered":"<p>Mu\u011flaspor, Antalya kamp\u0131ndaki son haz\u0131rl\u0131k ma\u00e7\u0131nda Nesine 2. Lig ekiplerinden Motolux 68 Aksarayspor ile kar\u015f\u0131la\u015ft\u0131. Ye\u015fil-beyazl\u0131 ekip, kar\u015f\u0131la\u015fman\u0131n ilk yar\u0131s\u0131n\u0131 2-1 geride kapatmas\u0131na ra\u011fmen, m\u00fccadeleden 2-2\u2019lik e\u015fitlikle ayr\u0131lmay\u0131 ba\u015fard\u0131.<\/p>\n<p>Mu\u011flaspor\u2019un iki gol\u00fc de yeni transferi Yasin Uzuno\u011flu\u2019ndan geldi. Performans\u0131yla dikkat \u00e7eken Yasin, hem h\u00fccum g\u00fcc\u00fc hem de bitiricili\u011fiyle taraftarlara umut verdi. Teknik ekip, ma\u00e7 sonunda tak\u0131m\u0131n genel durumundan memnun oldu\u011funu belirtti ve ikinci yar\u0131ya g\u00fc\u00e7l\u00fc bir ba\u015flang\u0131\u00e7 yapmak i\u00e7in haz\u0131rl\u0131klar\u0131n devam edece\u011fini vurgulad\u0131. Antalya kamp\u0131n\u0131 tamamlayan Mu\u011flaspor, ligin ikinci devresine haz\u0131r bir \u015fekilde d\u00f6nmeyi hedefliyor. Taraftarlar, \u00f6zellikle yeni transferlerin g\u00f6sterdi\u011fi performanstan memnun olduklar\u0131n\u0131 ifade ederken, tak\u0131m\u0131n sezonun kalan k\u0131sm\u0131nda ba\u015far\u0131l\u0131 sonu\u00e7lar almas\u0131n\u0131 bekliyor.<br \/>\n<br \/><img fetchpriority=\"high\" decoding=\"async\" width=\"593\" height=\"395\" src=\"https:\/\/www.egemtv.com\/wp-content\/uploads\/2025\/01\/muglaspor-antalya-kampini-beraberlikle-noktaladi_f0fe751f18f9.jpg\" class=\"attachment-full size-full not-transparent\" alt=\"\" data-has-transparency=\"false\" data-dominant-color=\"5e7e74\" style=\"--dominant-color: #5e7e74\" \/><img decoding=\"async\" width=\"1280\" height=\"853\" src=\"https:\/\/www.egemtv.com\/wp-content\/uploads\/2025\/01\/muglaspor-antalya-kampini-beraberlikle-noktaladi_72923be9ccf0.jpg\" class=\"attachment-full size-full not-transparent\" alt=\"\" data-has-transparency=\"false\" data-dominant-color=\"7e805b\" style=\"--dominant-color: #7e805b\" \/><img decoding=\"async\" width=\"1280\" height=\"853\" src=\"https:\/\/www.egemtv.com\/wp-content\/uploads\/2025\/01\/muglaspor-antalya-kampini-beraberlikle-noktaladi_3e079434c43f.jpg\" class=\"attachment-full size-full not-transparent\" alt=\"\" data-has-transparency=\"false\" data-dominant-color=\"738061\" style=\"--dominant-color: #738061\" \/><img loading=\"lazy\" decoding=\"async\" width=\"1280\" height=\"853\" src=\"https:\/\/www.egemtv.com\/wp-content\/uploads\/2025\/01\/muglaspor-antalya-kampini-beraberlikle-noktaladi_3371fde41cb9.jpg\" class=\"attachment-full size-full not-transparent\" alt=\"\" data-has-transparency=\"false\" data-dominant-color=\"6a7567\" style=\"--dominant-color: #6a7567\" \/><img loading=\"lazy\" decoding=\"async\" width=\"1280\" height=\"853\" src=\"https:\/\/www.egemtv.com\/wp-content\/uploads\/2025\/01\/muglaspor-antalya-kampini-beraberlikle-noktaladi_71e55835be3a.jpg\" class=\"attachment-full size-full not-transparent\" alt=\"\" data-has-transparency=\"false\" data-dominant-color=\"515a53\" style=\"--dominant-color: #515a53\" \/><img loading=\"lazy\" decoding=\"async\" width=\"1280\" height=\"853\" src=\"https:\/\/www.egemtv.com\/wp-content\/uploads\/2025\/01\/muglaspor-antalya-kampini-beraberlikle-noktaladi_e332fff49777.jpg\" class=\"attachment-full size-full not-transparent\" alt=\"\" data-has-transparency=\"false\" data-dominant-color=\"687d70\" style=\"--dominant-color: #687d70\" \/><\/p>\n","protected":false},"excerpt":{"rendered":"<p>Mu\u011flaspor, Antalya kamp\u0131ndaki son haz\u0131rl\u0131k ma\u00e7\u0131nda Nesine 2. Lig ekiplerinden Motolux 68 Aksarayspor ile kar\u015f\u0131la\u015ft\u0131. Ye\u015fil-beyazl\u0131 ekip, kar\u015f\u0131la\u015fman\u0131n ilk yar\u0131s\u0131n\u0131 2-1 geride kapatmas\u0131na ra\u011fmen, m\u00fccadeleden 2-2\u2019lik e\u015fitlikle ayr\u0131lmay\u0131 ba\u015fard\u0131. Mu\u011flaspor\u2019un iki gol\u00fc de yeni transferi Yasin Uzuno\u011flu\u2019ndan geldi. Performans\u0131yla dikkat \u00e7eken Yasin, hem h\u00fccum g\u00fcc\u00fc hem de bitiricili\u011fiyle taraftarlara umut verdi. Teknik ekip, ma\u00e7 sonunda&#8230;<\/p>\n","protected":false},"author":1,"featured_media":6910,"comment_status":"open","ping_status":"open","sticky":false,"template":"","format":"standard","meta":{"_crdt_document":"","footnotes":""},"categories":[4],"tags":[],"class_list":["post-6909","post","type-post","status-publish","format-standard","has-post-thumbnail","hentry","category-spor"],"_links":{"self":[{"href":"https:\/\/www.egemtv.com\/index.php?rest_route=\/wp\/v2\/posts\/6909","targetHints":{"allow":["GET"]}}],"collection":[{"href":"https:\/\/www.egemtv.com\/index.php?rest_route=\/wp\/v2\/posts"}],"about":[{"href":"https:\/\/www.egemtv.com\/index.php?rest_route=\/wp\/v2\/types\/post"}],"author":[{"embeddable":true,"href":"https:\/\/www.egemtv.com\/index.php?rest_route=\/wp\/v2\/users\/1"}],"replies":[{"embeddable":true,"href":"https:\/\/www.egemtv.com\/index.php?rest_route=%2Fwp%2Fv2%2Fcomments&post=6909"}],"version-history":[{"count":1,"href":"https:\/\/www.egemtv.com\/index.php?rest_route=\/wp\/v2\/posts\/6909\/revisions"}],"predecessor-version":[{"id":6917,"href":"https:\/\/www.egemtv.com\/index.php?rest_route=\/wp\/v2\/posts\/6909\/revisions\/6917"}],"wp:featuredmedia":[{"embeddable":true,"href":"https:\/\/www.egemtv.com\/index.php?rest_route=\/wp\/v2\/media\/6910"}],"wp:attachment":[{"href":"https:\/\/www.egemtv.com\/index.php?rest_route=%2Fwp%2Fv2%2Fmedia&parent=6909"}],"wp:term":[{"taxonomy":"category","embeddable":true,"href":"https:\/\/www.egemtv.com\/index.php?rest_route=%2Fwp%2Fv2%2Fcategories&post=6909"},{"taxonomy":"post_tag","embeddable":true,"href":"https:\/\/www.egemtv.com\/index.php?rest_route=%2Fwp%2Fv2%2Ftags&post=6909"}],"curies":[{"name":"wp","href":"https:\/\/api.w.org\/{rel}","templated":true}]}}