{"id":69038,"date":"2025-11-20T19:35:41","date_gmt":"2025-11-20T16:35:41","guid":{"rendered":"https:\/\/www.egemtv.com\/?p=69038"},"modified":"2025-11-20T19:35:42","modified_gmt":"2025-11-20T16:35:42","slug":"kutahyada-trafik-kazasi-1-yarali","status":"publish","type":"post","link":"https:\/\/www.egemtv.com\/?p=69038","title":{"rendered":"K\u00fctahya\u2019da trafik kazas\u0131: 1 yaral\u0131"},"content":{"rendered":"<p>K\u00fctahya\u2019n\u0131n Alt\u0131nta\u015f il\u00e7esinde kontrolden \u00e7\u0131kan t\u0131r\u0131n devrilmesi sonucu meydana gelen kazada s\u00fcr\u00fcc\u00fc yaraland\u0131.<br \/>\n<br \/>Edinilen bilgilere g\u00f6re, Alt\u0131nta\u015f-Zafertepe\u00e7alk\u00f6y aras\u0131nda seyir halinde olan 64 AP 102 plakal\u0131 t\u0131r, s\u00fcr\u00fcc\u00fcs\u00fcn\u00fcn direksiyon hakimiyetini kaybetmesi sonucu yol kenar\u0131na devrildi. Kazada t\u0131rda s\u0131k\u0131\u015fan s\u00fcr\u00fcc\u00fc, \u00e7evrede bulunan vatanda\u015flar\u0131n yard\u0131m\u0131yla ara\u00e7tan \u00e7\u0131kar\u0131ld\u0131.<br \/>\n<br \/>Olay yerine gelen sa\u011fl\u0131k ekipleri taraf\u0131ndan ilk m\u00fcdahalesi yap\u0131lan yaral\u0131 s\u00fcr\u00fcc\u00fc, ambulansla hastaneye sevk edildi. \u0130smi belirtilmeyen yaral\u0131n\u0131n sa\u011fl\u0131k durumunun iyi oldu\u011fu \u00f6\u011frenildi.<br \/>\n<br \/>Kazayla ilgili soru\u015fturma devam ediyor.<br \/><\/p>\n","protected":false},"excerpt":{"rendered":"<p>K\u00fctahya\u2019n\u0131n Alt\u0131nta\u015f il\u00e7esinde kontrolden \u00e7\u0131kan t\u0131r\u0131n devrilmesi sonucu meydana gelen kazada s\u00fcr\u00fcc\u00fc yaraland\u0131. Edinilen bilgilere g\u00f6re, Alt\u0131nta\u015f-Zafertepe\u00e7alk\u00f6y aras\u0131nda seyir halinde olan 64 AP 102 plakal\u0131 t\u0131r, s\u00fcr\u00fcc\u00fcs\u00fcn\u00fcn direksiyon hakimiyetini kaybetmesi sonucu yol kenar\u0131na devrildi. Kazada t\u0131rda s\u0131k\u0131\u015fan s\u00fcr\u00fcc\u00fc, \u00e7evrede bulunan vatanda\u015flar\u0131n yard\u0131m\u0131yla ara\u00e7tan \u00e7\u0131kar\u0131ld\u0131. Olay yerine gelen sa\u011fl\u0131k ekipleri taraf\u0131ndan ilk m\u00fcdahalesi yap\u0131lan yaral\u0131 s\u00fcr\u00fcc\u00fc,&#8230;<\/p>\n","protected":false},"author":1,"featured_media":69039,"comment_status":"open","ping_status":"open","sticky":false,"template":"","format":"standard","meta":{"_crdt_document":"","footnotes":""},"categories":[5],"tags":[],"class_list":["post-69038","post","type-post","status-publish","format-standard","has-post-thumbnail","hentry","category-asayis"],"_links":{"self":[{"href":"https:\/\/www.egemtv.com\/index.php?rest_route=\/wp\/v2\/posts\/69038","targetHints":{"allow":["GET"]}}],"collection":[{"href":"https:\/\/www.egemtv.com\/index.php?rest_route=\/wp\/v2\/posts"}],"about":[{"href":"https:\/\/www.egemtv.com\/index.php?rest_route=\/wp\/v2\/types\/post"}],"author":[{"embeddable":true,"href":"https:\/\/www.egemtv.com\/index.php?rest_route=\/wp\/v2\/users\/1"}],"replies":[{"embeddable":true,"href":"https:\/\/www.egemtv.com\/index.php?rest_route=%2Fwp%2Fv2%2Fcomments&post=69038"}],"version-history":[{"count":1,"href":"https:\/\/www.egemtv.com\/index.php?rest_route=\/wp\/v2\/posts\/69038\/revisions"}],"predecessor-version":[{"id":69040,"href":"https:\/\/www.egemtv.com\/index.php?rest_route=\/wp\/v2\/posts\/69038\/revisions\/69040"}],"wp:featuredmedia":[{"embeddable":true,"href":"https:\/\/www.egemtv.com\/index.php?rest_route=\/wp\/v2\/media\/69039"}],"wp:attachment":[{"href":"https:\/\/www.egemtv.com\/index.php?rest_route=%2Fwp%2Fv2%2Fmedia&parent=69038"}],"wp:term":[{"taxonomy":"category","embeddable":true,"href":"https:\/\/www.egemtv.com\/index.php?rest_route=%2Fwp%2Fv2%2Fcategories&post=69038"},{"taxonomy":"post_tag","embeddable":true,"href":"https:\/\/www.egemtv.com\/index.php?rest_route=%2Fwp%2Fv2%2Ftags&post=69038"}],"curies":[{"name":"wp","href":"https:\/\/api.w.org\/{rel}","templated":true}]}}