{"id":69032,"date":"2025-11-20T17:54:46","date_gmt":"2025-11-20T14:54:46","guid":{"rendered":"https:\/\/www.egemtv.com\/?p=69032"},"modified":"2025-11-20T17:54:47","modified_gmt":"2025-11-20T14:54:47","slug":"muglada-zeytinyagi-bilinci-cocuk-yasta-filizleniyor","status":"publish","type":"post","link":"https:\/\/www.egemtv.com\/?p=69032","title":{"rendered":"Mu\u011fla\u2019da Zeytinya\u011f\u0131 bilinci \u00e7ocuk ya\u015fta filizleniyor"},"content":{"rendered":"<p>Mu\u011fla B\u00fcy\u00fck\u015fehir Belediyesi, \u2018Gelece\u011fin Tad\u0131mc\u0131lar\u0131n\u0131 Yeti\u015ftiriyoruz\u2019 projesi kapsam\u0131nda ilkokul ve ortaokul \u00f6\u011frencilerine y\u00f6nelik zeytinya\u011f\u0131 e\u011fitimlerini s\u00fcrd\u00fcr\u00fcyor. Do\u011faya duyarl\u0131, kaliteli \u00fcretime dayal\u0131 bir bilin\u00e7 olu\u015fturmay\u0131 ama\u00e7layan proje, Mu\u011fla Ticaret Borsas\u0131 Duyusal Analiz Laboratuvar\u0131nda d\u00fczenlenen uygulamal\u0131 e\u011fitimlerle hayata ge\u00e7iriliyor.<br \/>\n<br \/>Mu\u011fla Ticaret Borsas\u0131 ve Zeytin Dostu Derne\u011fi ile ortakla\u015fa d\u00fczenlenen e\u011fitimlerde \u00f6\u011frencilere zeytin a\u011fac\u0131n\u0131n \u00f6nemi, do\u011fru zeytinya\u011f\u0131 \u00fcretim s\u00fcre\u00e7leri, kaliteli zeytinya\u011f\u0131n\u0131n sa\u011fl\u0131k \u00fczerindeki etkileri ve do\u011fru tad\u0131m teknikleri anlat\u0131ld\u0131. Ayr\u0131ca kaliteli ve kusurlu zeytinya\u011f\u0131n\u0131n ayr\u0131m\u0131n\u0131 yapmalar\u0131na yard\u0131mc\u0131 olmak amac\u0131yla tad\u0131m uygulamalar\u0131 ger\u00e7ekle\u015ftirildi.<br \/>\n<br \/>Her ay \u00fccretsiz e\u011fitim imk\u00e2n\u0131<br \/>\n<br \/>Mu\u011fla B\u00fcy\u00fck\u015fehir Belediyesi taraf\u0131ndan d\u00fczenlenen e\u011fitimler, talep do\u011frultusunda her ay \u00fccretsiz olarak ger\u00e7ekle\u015ftiriliyor. Kurumsal, bireysel ve grup kat\u0131l\u0131mlar\u0131na a\u00e7\u0131k olan e\u011fitimlere ba\u015fvurular B\u00fcy\u00fck\u015fehir Belediyesi web sitesinin etkinlikler b\u00f6l\u00fcm\u00fcnden ya da 444 48 01 numaral\u0131 \u00e7a\u011fr\u0131 merkezinden yap\u0131labiliyor.<br \/>\n<br \/>Zeytin Dostu Derne\u011fi Duyusal Analiz Panelleri Lideri Eczac\u0131 Atilla Toto\u015f ise zeytinya\u011f\u0131 bilincinin \u00e7ocuk ya\u015fta kazand\u0131r\u0131lmas\u0131 gerekti\u011fini belirterek, &#8220;Bu e\u011fitimleri zeytinya\u011f\u0131 ile ilgili toplumsal bilincin y\u00fckselmesi i\u00e7in veriyoruz. Kusursuz zeytinya\u011f\u0131n\u0131n yararlar\u0131na ancak do\u011fru bilgiyle ula\u015f\u0131labilir. \u00c7ocuklar \u00f6\u011frenme \u00e7a\u011f\u0131nda olduklar\u0131 i\u00e7in en do\u011fru bilgiye ilk a\u011f\u0131zdan ula\u015fmalar\u0131 \u00e7ok de\u011ferli. T\u00fcrkiye\u2019nin en k\u0131ymetli zeytin b\u00f6lgelerinden birindeyiz ve \u00fcr\u00fcn\u00fcn de\u011ferini art\u0131rmak i\u00e7in \u00e7al\u0131\u015f\u0131yoruz. B\u00fcy\u00fck\u015fehir Belediyesi ve Ticaret Borsas\u0131 bu s\u00fcre\u00e7te \u00f6nemli destek veriyor&#8221; dedi.<br \/>\n<br \/>Mu\u011fla B\u00fcy\u00fck\u015fehir Belediyesi\u2019nde g\u00f6revli Ziraat M\u00fchendisi Birben \u00d6z Y\u0131lmaz, &#8220;\u00d6\u011frencilerimize do\u011fru zeytinya\u011f\u0131 \u00fcretimini, zeytinya\u011f\u0131n\u0131n sa\u011fl\u0131k a\u00e7\u0131s\u0131ndan \u00f6nemini ve kaliteli-kalitesiz ya\u011f\u0131n ayr\u0131m\u0131n\u0131 uygulamal\u0131 olarak \u00f6\u011fretiyoruz. Amac\u0131m\u0131z gelecekte do\u011faya duyarl\u0131, kaliteli \u00fcretim bilincine sahip nesiller yeti\u015ftirmek&#8221;<br \/>\n<br \/>Ba\u015fkan Aras: &#8220;Mu\u011fla\u2019n\u0131n Zeytinya\u011f\u0131 k\u00fclt\u00fcr\u00fcn\u00fc gelece\u011fe ta\u015f\u0131yoruz&#8221;<br \/>\n<br \/>K\u0131y\u0131 Ege Belediyeler Birli\u011fi ve Mu\u011fla B\u00fcy\u00fck\u015fehir Belediye Ba\u015fkan\u0131 Ahmet Aras, &#8220;Mu\u011fla, binlerce y\u0131ll\u0131k zeytin k\u00fclt\u00fcr\u00fcyle Anadolu\u2019nun en kadim \u00fcretim merkezlerinden biridir. Zeytinya\u011f\u0131 sadece bir g\u0131da de\u011fil, bu co\u011frafyan\u0131n ya\u015fam bi\u00e7imidir. \u00c7ocuklar\u0131m\u0131z\u0131n \u00fcretim s\u00fcre\u00e7lerini do\u011fru \u00f6\u011frenmesi, kaliteli zeytinya\u011f\u0131n\u0131 tan\u0131mas\u0131 ve do\u011faya duyarl\u0131 bir bilin\u00e7le yeti\u015fmesi bizim i\u00e7in b\u00fcy\u00fck de\u011fer ta\u015f\u0131yor. \u2018Gelece\u011fin Tad\u0131mc\u0131lar\u0131\u2019 projesiyle asl\u0131nda zeytinin gelece\u011fini, yani Mu\u011fla\u2019n\u0131n gelece\u011fini koruyoruz. Bu i\u015f birli\u011fine katk\u0131 sunan t\u00fcm kurum ve uzmanlar\u0131m\u0131za te\u015fekk\u00fcr ediyorum&#8221;<br \/><\/p>\n","protected":false},"excerpt":{"rendered":"<p>Mu\u011fla B\u00fcy\u00fck\u015fehir Belediyesi, \u2018Gelece\u011fin Tad\u0131mc\u0131lar\u0131n\u0131 Yeti\u015ftiriyoruz\u2019 projesi kapsam\u0131nda ilkokul ve ortaokul \u00f6\u011frencilerine y\u00f6nelik zeytinya\u011f\u0131 e\u011fitimlerini s\u00fcrd\u00fcr\u00fcyor. Do\u011faya duyarl\u0131, kaliteli \u00fcretime dayal\u0131 bir bilin\u00e7 olu\u015fturmay\u0131 ama\u00e7layan proje, Mu\u011fla Ticaret Borsas\u0131 Duyusal Analiz Laboratuvar\u0131nda d\u00fczenlenen uygulamal\u0131 e\u011fitimlerle hayata ge\u00e7iriliyor. Mu\u011fla Ticaret Borsas\u0131 ve Zeytin Dostu Derne\u011fi ile ortakla\u015fa d\u00fczenlenen e\u011fitimlerde \u00f6\u011frencilere zeytin a\u011fac\u0131n\u0131n \u00f6nemi, do\u011fru zeytinya\u011f\u0131 \u00fcretim&#8230;<\/p>\n","protected":false},"author":1,"featured_media":69033,"comment_status":"open","ping_status":"open","sticky":false,"template":"","format":"standard","meta":{"_crdt_document":"","footnotes":""},"categories":[2],"tags":[],"class_list":["post-69032","post","type-post","status-publish","format-standard","has-post-thumbnail","hentry","category-saglik"],"_links":{"self":[{"href":"https:\/\/www.egemtv.com\/index.php?rest_route=\/wp\/v2\/posts\/69032","targetHints":{"allow":["GET"]}}],"collection":[{"href":"https:\/\/www.egemtv.com\/index.php?rest_route=\/wp\/v2\/posts"}],"about":[{"href":"https:\/\/www.egemtv.com\/index.php?rest_route=\/wp\/v2\/types\/post"}],"author":[{"embeddable":true,"href":"https:\/\/www.egemtv.com\/index.php?rest_route=\/wp\/v2\/users\/1"}],"replies":[{"embeddable":true,"href":"https:\/\/www.egemtv.com\/index.php?rest_route=%2Fwp%2Fv2%2Fcomments&post=69032"}],"version-history":[{"count":1,"href":"https:\/\/www.egemtv.com\/index.php?rest_route=\/wp\/v2\/posts\/69032\/revisions"}],"predecessor-version":[{"id":69034,"href":"https:\/\/www.egemtv.com\/index.php?rest_route=\/wp\/v2\/posts\/69032\/revisions\/69034"}],"wp:featuredmedia":[{"embeddable":true,"href":"https:\/\/www.egemtv.com\/index.php?rest_route=\/wp\/v2\/media\/69033"}],"wp:attachment":[{"href":"https:\/\/www.egemtv.com\/index.php?rest_route=%2Fwp%2Fv2%2Fmedia&parent=69032"}],"wp:term":[{"taxonomy":"category","embeddable":true,"href":"https:\/\/www.egemtv.com\/index.php?rest_route=%2Fwp%2Fv2%2Fcategories&post=69032"},{"taxonomy":"post_tag","embeddable":true,"href":"https:\/\/www.egemtv.com\/index.php?rest_route=%2Fwp%2Fv2%2Ftags&post=69032"}],"curies":[{"name":"wp","href":"https:\/\/api.w.org\/{rel}","templated":true}]}}